{"id":6343,"date":"2024-12-16T16:01:52","date_gmt":"2024-12-16T14:01:52","guid":{"rendered":"https:\/\/www.landkreise.digital\/?p=6343"},"modified":"2024-12-16T16:01:52","modified_gmt":"2024-12-16T14:01:52","slug":"rueckblick-auf-ein-erfolgreiches-jahr-2024","status":"publish","type":"post","link":"https:\/\/www.landkreise.digital\/index.php\/2024\/12\/16\/rueckblick-auf-ein-erfolgreiches-jahr-2024\/","title":{"rendered":"R\u00fcckblick auf ein erfolgreiches Jahr 2024"},"content":{"rendered":"<h4>R\u00fcckblick auf ein erfolgreiches Jahr 2024 \u2013 Meilensteine, Herausforderungen und Ausblicke<\/h4>\n<p><img decoding=\"async\" class=\"lazyload alignnone size-full wp-image-6405\" src=\"https:\/\/www.landkreise.digital\/wp-content\/uploads\/sites\/21\/2024\/12\/Collage-Jahresrueckblick_2024.png\" data-orig-src=\"https:\/\/www.landkreise.digital\/wp-content\/uploads\/sites\/21\/2024\/12\/Collage-Jahresrueckblick_2024.png\" alt=\"\u00dcbersicht Jahr 2024\" width=\"1920\" height=\"1080\" srcset=\"data:image\/svg+xml,%3Csvg%20xmlns%3D%27http%3A%2F%2Fwww.w3.org%2F2000%2Fsvg%27%20width%3D%271920%27%20height%3D%271080%27%20viewBox%3D%270%200%201920%201080%27%3E%3Crect%20width%3D%271920%27%20height%3D%271080%27%20fill-opacity%3D%220%22%2F%3E%3C%2Fsvg%3E\" data-srcset=\"https:\/\/www.landkreise.digital\/wp-content\/uploads\/sites\/21\/2024\/12\/Collage-Jahresrueckblick_2024-200x113.png 200w, https:\/\/www.landkreise.digital\/wp-content\/uploads\/sites\/21\/2024\/12\/Collage-Jahresrueckblick_2024-300x169.png 300w, https:\/\/www.landkreise.digital\/wp-content\/uploads\/sites\/21\/2024\/12\/Collage-Jahresrueckblick_2024-400x225.png 400w, https:\/\/www.landkreise.digital\/wp-content\/uploads\/sites\/21\/2024\/12\/Collage-Jahresrueckblick_2024-600x338.png 600w, https:\/\/www.landkreise.digital\/wp-content\/uploads\/sites\/21\/2024\/12\/Collage-Jahresrueckblick_2024-768x432.png 768w, https:\/\/www.landkreise.digital\/wp-content\/uploads\/sites\/21\/2024\/12\/Collage-Jahresrueckblick_2024-800x450.png 800w, https:\/\/www.landkreise.digital\/wp-content\/uploads\/sites\/21\/2024\/12\/Collage-Jahresrueckblick_2024-1024x576.png 1024w, https:\/\/www.landkreise.digital\/wp-content\/uploads\/sites\/21\/2024\/12\/Collage-Jahresrueckblick_2024-1200x675.png 1200w, https:\/\/www.landkreise.digital\/wp-content\/uploads\/sites\/21\/2024\/12\/Collage-Jahresrueckblick_2024-1536x864.png 1536w, https:\/\/www.landkreise.digital\/wp-content\/uploads\/sites\/21\/2024\/12\/Collage-Jahresrueckblick_2024.png 1920w\" data-sizes=\"auto\" data-orig-sizes=\"(max-width: 1920px) 100vw, 1920px\" \/><\/p>\n<p><strong>Das Ende eines Jahres bietet nicht nur die Gelegenheit innezuhalten, sondern ist auch der Moment, um zu reflektieren und Erfolge zu feiern. <\/strong><strong>In diesem Jahresr\u00fcckblick wollen wir einen Blick auf die pr\u00e4gendsten Ereignisse und Fortschritte im Projekt \u00bbSmarte.Land.Regionen\u00ab werfen, die wir gemeinsam erreicht haben.<\/strong><\/p>\n<h5>Januar bis M\u00e4rz<\/h5>\n<p>Bereits im Januar fand die Auftaktveranstaltung \u00bb<a href=\"https:\/\/www.landkreise.digital\/index.php\/2024\/03\/27\/digitalstrategie-bernkastel-wittlich\/\">Digitalstrategie Bernkastel-Wittlich<\/a>\u00ab statt, mit dem die Strategiephase in die Umsetzungsphase \u00fcberging. Seit knapp einem Jahr hatte der Landkreis Bernkastel-Wittlich an der Digitalstrategie gearbeitet und gemeinsam mit B\u00fcrgern und B\u00fcrgerinnen sowie weiteren relevanten Akteuren aus dem Landkreis Handlungsfelder und zugeh\u00f6rige Ma\u00dfnahmen entwickelt. Mit dieser Veranstaltung konnte nun in die praktische Phase \u00fcbergegangen werden.<\/p>\n<p><img decoding=\"async\" class=\"lazyload aligncenter wp-image-5891 size-full\" src=\"https:\/\/www.landkreise.digital\/wp-content\/uploads\/sites\/21\/2024\/03\/Digitalisierungsstrategie-BW1-e1711535505203.jpg\" data-orig-src=\"https:\/\/www.landkreise.digital\/wp-content\/uploads\/sites\/21\/2024\/03\/Digitalisierungsstrategie-BW1-e1711535505203.jpg\" alt=\"Bild der Veranstaltung zur Digitalstrategie in Bernkastel-Wittlich. Publikum sitzt bei einem Vortrag.\" width=\"1164\" height=\"664\" srcset=\"data:image\/svg+xml,%3Csvg%20xmlns%3D%27http%3A%2F%2Fwww.w3.org%2F2000%2Fsvg%27%20width%3D%271164%27%20height%3D%27664%27%20viewBox%3D%270%200%201164%20664%27%3E%3Crect%20width%3D%271164%27%20height%3D%27664%27%20fill-opacity%3D%220%22%2F%3E%3C%2Fsvg%3E\" data-srcset=\"https:\/\/www.landkreise.digital\/wp-content\/uploads\/sites\/21\/2024\/03\/Digitalisierungsstrategie-BW1-e1711535505203-200x114.jpg 200w, https:\/\/www.landkreise.digital\/wp-content\/uploads\/sites\/21\/2024\/03\/Digitalisierungsstrategie-BW1-e1711535505203-300x171.jpg 300w, https:\/\/www.landkreise.digital\/wp-content\/uploads\/sites\/21\/2024\/03\/Digitalisierungsstrategie-BW1-e1711535505203-400x228.jpg 400w, https:\/\/www.landkreise.digital\/wp-content\/uploads\/sites\/21\/2024\/03\/Digitalisierungsstrategie-BW1-e1711535505203-600x342.jpg 600w, https:\/\/www.landkreise.digital\/wp-content\/uploads\/sites\/21\/2024\/03\/Digitalisierungsstrategie-BW1-e1711535505203-768x438.jpg 768w, https:\/\/www.landkreise.digital\/wp-content\/uploads\/sites\/21\/2024\/03\/Digitalisierungsstrategie-BW1-e1711535505203-800x456.jpg 800w, https:\/\/www.landkreise.digital\/wp-content\/uploads\/sites\/21\/2024\/03\/Digitalisierungsstrategie-BW1-e1711535505203-1024x584.jpg 1024w, https:\/\/www.landkreise.digital\/wp-content\/uploads\/sites\/21\/2024\/03\/Digitalisierungsstrategie-BW1-e1711535505203.jpg 1164w\" data-sizes=\"auto\" data-orig-sizes=\"(max-width: 1164px) 100vw, 1164px\" \/><\/p>\n<p><em>Im Januar fand die Veranstaltung \u00bbDigitalstrategie Bernkastel-Wittlich\u00ab statt.<\/em><\/p>\n<p>Im Februar gab es einige Neuerungen f\u00fcr unsere L\u00f6sung \u00bb<a href=\"https:\/\/toolset.deutschlanddigital.org\/gute-praxis\/kuubu\/\">kuubu<\/a>\u00ab, die seitdem den Nutzenden die Handhabung vereinfachen. So werden abgelaufene L\u00f6sungen automatisch markiert und es besteht die M\u00f6glichkeit, gezielt zu filtern.<\/p>\n<p>Im M\u00e4rz gab es neben dem Release von \u00bb<a href=\"https:\/\/www.landkreise.digital\/index.php\/2024\/06\/21\/comby\/\">Comby<\/a>\u00ab, der digitalen Mitfahrbank, Erweiterungen in der L\u00f6sung \u00bb<a href=\"https:\/\/toolset.deutschlanddigital.org\/gute-praxis\/landraeume\/\">LandR\u00e4ume<\/a>\u00ab und eine Filterfunktion f\u00fcr \u00bb<a href=\"https:\/\/toolset.deutschlanddigital.org\/gute-praxis\/landwohl\/\">LandWohl<\/a>\u00ab.<\/p>\n<p>Zudem fand Ende M\u00e4rz das bereits <a href=\"https:\/\/www.landkreise.digital\/index.php\/2024\/04\/05\/sechstes-vernetzungstreffen\/\">sechste Vernetzungstreffen<\/a> in L\u00f6rrach statt, bei dem wir uns \u00fcber Neuerungen, Erfolge und Hindernisse austauschen konnten.<\/p>\n<p><img decoding=\"async\" class=\"lazyload aligncenter wp-image-5913 size-full\" src=\"https:\/\/www.landkreise.digital\/wp-content\/uploads\/sites\/21\/2024\/04\/2-scaled.jpg\" data-orig-src=\"https:\/\/www.landkreise.digital\/wp-content\/uploads\/sites\/21\/2024\/04\/2-scaled.jpg\" alt=\"Gruppenbild vom sechsten Vernetzungstreffen\" width=\"2560\" height=\"1920\" srcset=\"data:image\/svg+xml,%3Csvg%20xmlns%3D%27http%3A%2F%2Fwww.w3.org%2F2000%2Fsvg%27%20width%3D%272560%27%20height%3D%271920%27%20viewBox%3D%270%200%202560%201920%27%3E%3Crect%20width%3D%272560%27%20height%3D%271920%27%20fill-opacity%3D%220%22%2F%3E%3C%2Fsvg%3E\" data-srcset=\"https:\/\/www.landkreise.digital\/wp-content\/uploads\/sites\/21\/2024\/04\/2-200x150.jpg 200w, https:\/\/www.landkreise.digital\/wp-content\/uploads\/sites\/21\/2024\/04\/2-300x225.jpg 300w, https:\/\/www.landkreise.digital\/wp-content\/uploads\/sites\/21\/2024\/04\/2-400x300.jpg 400w, https:\/\/www.landkreise.digital\/wp-content\/uploads\/sites\/21\/2024\/04\/2-600x450.jpg 600w, https:\/\/www.landkreise.digital\/wp-content\/uploads\/sites\/21\/2024\/04\/2-768x576.jpg 768w, https:\/\/www.landkreise.digital\/wp-content\/uploads\/sites\/21\/2024\/04\/2-800x600.jpg 800w, https:\/\/www.landkreise.digital\/wp-content\/uploads\/sites\/21\/2024\/04\/2-1024x768.jpg 1024w, https:\/\/www.landkreise.digital\/wp-content\/uploads\/sites\/21\/2024\/04\/2-1200x900.jpg 1200w, https:\/\/www.landkreise.digital\/wp-content\/uploads\/sites\/21\/2024\/04\/2-1536x1152.jpg 1536w, https:\/\/www.landkreise.digital\/wp-content\/uploads\/sites\/21\/2024\/04\/2-scaled.jpg 2560w\" data-sizes=\"auto\" data-orig-sizes=\"(max-width: 2560px) 100vw, 2560px\" \/><\/p>\n<p><em>Das sechste Vernetzungstreffen im Forschungsprojekt fand in L\u00f6rrach statt.<\/em><\/p>\n<h5>April bis Juni<\/h5>\n<p>Der Monat Juni brachte das neue Format \u00bb<a href=\"https:\/\/www.landkreise.digital\/index.php\/2024\/07\/15\/smarter-kaffee\/\">Smarter Kaffee<\/a>\u00ab, das die M\u00f6glichkeit zum digitalen Austausch f\u00fcr Beteiligte und Interessierte bietet. In der ersten Ausgabe dieses digitalen Treffens waren die Fokusthemen die <a href=\"https:\/\/www.landkreise.digital\/index.php\/2024\/08\/08\/digitallotsen\/\">Digitallotsen &amp; Digitallotsinnen im Landkreis Neustadt an der Waldnaab<\/a> und ein genauerer Blick auf die Entwicklungsreise von \u00bb<strong>Comby<\/strong>\u00ab, bei der Nutzertests eine wichtige Rolle gespielt haben.<br \/>\nAu\u00dferdem brachte der Juni die Verabschiedung des <a href=\"https:\/\/www.bmwsb.bund.de\/SharedDocs\/pressemitteilungen\/Webs\/BMWSB\/DE\/2024\/06\/smart-cities.html\">Stufenplans \u00bbSmarte St\u00e4dte und Regionen\u00ab<\/a> des Bundesministeriums f\u00fcr Wohnen, Stadtentwicklung und Bauwesen mit dem Ziel ein Rahmenwerk f\u00fcr die Digitalisierung der Stadt- und Regionalentwicklung zu schaffen. Unser Marktplatz <a href=\"https:\/\/www.deutschlanddigital.org\/\">DEUTSCHLAND.DIGITAL<\/a> ist im Zuge dessen auch Teil des <a href=\"https:\/\/www.bmwsb.bund.de\/SharedDocs\/downloads\/Webs\/BMWSB\/DE\/veroeffentlichungen\/pm-kurzmeldung\/smart-cities-Stufenplan.pdf?__blob=publicationFile&amp;v=3\">Stufenplans<\/a> \u00bbSmarte St\u00e4dte und Regionen\u00ab. F\u00fcr den Auswahlprozess hatte der Beirat, in dem auch das BMEL Mitglied war, acht Marktpl\u00e4tze verglichen. Die Wahl fiel auf die Nutzung und Weiterentwicklung unseres Marktplatzes. Der Stufenplan \u00bbSmarte St\u00e4dte und Regionen\u00ab der Bundesregierung ist eine umfassende Strategie zur Digitalisierung und Modernisierung deutscher St\u00e4dte und Regionen.<\/p>\n<h5>Juli bis September<\/h5>\n<p>Einige weitere gr\u00f6\u00dfere Updates f\u00fcr \u00bb<strong>Comby<\/strong>\u00ab und \u00bb<strong>kuubu<\/strong>\u00ab folgten im Juli. So bekamen die Nutzer von \u00bb<strong>LandWohl<\/strong>\u00ab die M\u00f6glichkeit, mit dem Kompass einen umfassenden Gesundheitsleitfaden zu erstellen, und bei \u00bb<strong>Comby<\/strong>\u00ab die Option, Auszeichnungen zu verteilen, sodass gute Erfahrungen schneller ersichtlich werden.<br \/>\nAu\u00dferdem fand zum zweiten Mal das Format \u00bb<a href=\"https:\/\/www.landkreise.digital\/index.php\/2024\/08\/13\/2-smarter-kaffee\/\">Smarter Kaffee<\/a>\u00ab statt. Diesmal stellte Bj\u00f6rn Gedicke die Befunde zu Gespr\u00e4chen mit den Digitalprojekten und Anne-Marie Kilpert die Ergebnisse der Abfrage zur Nutzung des <a href=\"https:\/\/marktplatz.landkreise.digital\/\">Marktplatzes<\/a> vor.<\/p>\n<p>Bereits im August folgte die dritte Ausgabe der \u00bb<a href=\"https:\/\/www.landkreise.digital\/index.php\/2024\/08\/30\/3-smarter-kaffee\/\">Smarter Kaffee-Reihe<\/a>\u00ab mit dem Thema \u00bb<strong>Open Source<\/strong>\u00ab. Einige Kernfragen, die in der Runde diskutiert wurden, waren \u00bbWas verstehen wir eigentlich unter <strong>Open Source<\/strong>?\u00ab und \u00bbWelche Rollen spielt <strong>Open Source<\/strong> f\u00fcr die Digitalisierung bei uns im Landkreis?\u00ab<\/p>\n<p>Dies wurde gefolgt vom vierten \u00bb<a href=\"https:\/\/www.landkreise.digital\/index.php\/2024\/10\/01\/4-smarter-kaffee\/\">Smarter Kaffee<\/a>\u00ab im September, indem sich die Teilnehmer dar\u00fcber austauschten, wie man Entwicklungen &amp; Wissensaufbau nach Ende der Projektlautzeit erhalten kann.<br \/>\nAm gleichen Tag erhielt \u00bb<a href=\"https:\/\/info.landraeume.digital\/2024\/09\/05\/september-2024-release-stundenweise-buchungen-mehr\/\">LandWohl<\/a>\u00ab ein weiteres Update, das die stundenweisen Buchungen erm\u00f6glicht. So k\u00f6nnen R\u00e4ume nun nicht nur tageweise, sondern auch nur f\u00fcr einige Stunden \u00fcber die L\u00f6sung gebucht werden.<br \/>\nWir beendeten den Monat mit dem siebten und letzten <a href=\"https:\/\/www.landkreise.digital\/index.php\/2024\/10\/25\/siebtes-vernetzungstreffen\/\">Vernetzungstreffen<\/a> im Projekt \u00bb<strong>Smarte.Land.Regionen<\/strong>\u00ab am Seddiner See im Landkreis Potsdam-Mittelmark, das zum Austausch, Reflektion und auch einigen Exkursionen einlud.<\/p>\n<p><img decoding=\"async\" class=\"lazyload alignnone size-full wp-image-6273\" src=\"https:\/\/www.landkreise.digital\/wp-content\/uploads\/sites\/21\/2024\/10\/Image-scaled.jpg\" data-orig-src=\"https:\/\/www.landkreise.digital\/wp-content\/uploads\/sites\/21\/2024\/10\/Image-scaled.jpg\" alt=\"Gruppenbild 7. Vernetzungstreffen\" width=\"2560\" height=\"1920\" srcset=\"data:image\/svg+xml,%3Csvg%20xmlns%3D%27http%3A%2F%2Fwww.w3.org%2F2000%2Fsvg%27%20width%3D%272560%27%20height%3D%271920%27%20viewBox%3D%270%200%202560%201920%27%3E%3Crect%20width%3D%272560%27%20height%3D%271920%27%20fill-opacity%3D%220%22%2F%3E%3C%2Fsvg%3E\" data-srcset=\"https:\/\/www.landkreise.digital\/wp-content\/uploads\/sites\/21\/2024\/10\/Image-200x150.jpg 200w, https:\/\/www.landkreise.digital\/wp-content\/uploads\/sites\/21\/2024\/10\/Image-300x225.jpg 300w, https:\/\/www.landkreise.digital\/wp-content\/uploads\/sites\/21\/2024\/10\/Image-400x300.jpg 400w, https:\/\/www.landkreise.digital\/wp-content\/uploads\/sites\/21\/2024\/10\/Image-600x450.jpg 600w, https:\/\/www.landkreise.digital\/wp-content\/uploads\/sites\/21\/2024\/10\/Image-768x576.jpg 768w, https:\/\/www.landkreise.digital\/wp-content\/uploads\/sites\/21\/2024\/10\/Image-800x600.jpg 800w, https:\/\/www.landkreise.digital\/wp-content\/uploads\/sites\/21\/2024\/10\/Image-1024x768.jpg 1024w, https:\/\/www.landkreise.digital\/wp-content\/uploads\/sites\/21\/2024\/10\/Image-1200x900.jpg 1200w, https:\/\/www.landkreise.digital\/wp-content\/uploads\/sites\/21\/2024\/10\/Image-1536x1152.jpg 1536w, https:\/\/www.landkreise.digital\/wp-content\/uploads\/sites\/21\/2024\/10\/Image-scaled.jpg 2560w\" data-sizes=\"auto\" data-orig-sizes=\"(max-width: 2560px) 100vw, 2560px\" \/><\/p>\n<p><em>Das siebte Vernetzungstreffen, diesmal im Landkreis Potsdam-Mittelsmark.<\/em><\/p>\n<h5>Oktober bis Dezember<\/h5>\n<p>Im Oktober fanden mehrere gro\u00dfe Events f\u00fcr unser Projekt statt.<br \/>\nNeben der Weiterf\u00fchrung unserer \u00bb<a href=\"https:\/\/www.landkreise.digital\/index.php\/2024\/10\/01\/4-smarter-kaffee\/\">Smarter Kaffee-Reihe<\/a>\u00ab, wo einige Themen des letzten Vernetzungstreffens aufgenommen wurden, fanden sowohl die <a href=\"https:\/\/www.iese.fraunhofer.de\/de\/event\/2024\/smart-country-convention-sccon.html\">Smart Country Convention<\/a> in Berlin als auch der <a href=\"https:\/\/www.de.digital\/DIGITAL\/Navigation\/DE\/Digital-Gipfel\/digital-gipfel.html\">Digital-Gipfel<\/a> in Frankfurt am Main statt. Bei beiden Veranstaltungen durften wir unser Projekt und unsere L\u00f6sungen pers\u00f6nlich vorstellen, neue Kontakte kn\u00fcpfen und so zur Veranstaltung beitragen.<\/p>\n\n\t\t<style type=\"text\/css\">\n\t\t\t#gallery-1 {\n\t\t\t\tmargin: auto;\n\t\t\t}\n\t\t\t#gallery-1 .gallery-item {\n\t\t\t\tfloat: left;\n\t\t\t\tmargin-top: 10px;\n\t\t\t\ttext-align: center;\n\t\t\t\twidth: 50%;\n\t\t\t}\n\t\t\t#gallery-1 img {\n\t\t\t\tborder: 2px solid #cfcfcf;\n\t\t\t}\n\t\t\t#gallery-1 .gallery-caption {\n\t\t\t\tmargin-left: 0;\n\t\t\t}\n\t\t\t\/* see gallery_shortcode() in wp-includes\/media.php *\/\n\t\t<\/style>\n\t\t<div id='gallery-1' class='gallery galleryid-6343 gallery-columns-2 gallery-size-full'><dl class='gallery-item'>\n\t\t\t<dt class='gallery-icon portrait'>\n\t\t\t\t<a data-rel=\"iLightbox[postimages]\" data-title=\"Image SCCON Tag 1 (7)\" data-caption=\"\" href='https:\/\/www.landkreise.digital\/image-7-2\/'><img decoding=\"async\" width=\"1920\" height=\"2560\" src=\"https:\/\/www.landkreise.digital\/wp-content\/uploads\/sites\/21\/2024\/12\/Image-7-scaled.jpg\" class=\"attachment-full size-full lazyload\" alt=\"Gruppe an SCCON Tag 1\" srcset=\"data:image\/svg+xml,%3Csvg%20xmlns%3D%27http%3A%2F%2Fwww.w3.org%2F2000%2Fsvg%27%20width%3D%271920%27%20height%3D%272560%27%20viewBox%3D%270%200%201920%202560%27%3E%3Crect%20width%3D%271920%27%20height%3D%272560%27%20fill-opacity%3D%220%22%2F%3E%3C%2Fsvg%3E\" data-orig-src=\"https:\/\/www.landkreise.digital\/wp-content\/uploads\/sites\/21\/2024\/12\/Image-7-scaled.jpg\" data-srcset=\"https:\/\/www.landkreise.digital\/wp-content\/uploads\/sites\/21\/2024\/12\/Image-7-200x267.jpg 200w, https:\/\/www.landkreise.digital\/wp-content\/uploads\/sites\/21\/2024\/12\/Image-7-225x300.jpg 225w, https:\/\/www.landkreise.digital\/wp-content\/uploads\/sites\/21\/2024\/12\/Image-7-400x533.jpg 400w, https:\/\/www.landkreise.digital\/wp-content\/uploads\/sites\/21\/2024\/12\/Image-7-600x800.jpg 600w, https:\/\/www.landkreise.digital\/wp-content\/uploads\/sites\/21\/2024\/12\/Image-7-768x1024.jpg 768w, https:\/\/www.landkreise.digital\/wp-content\/uploads\/sites\/21\/2024\/12\/Image-7-800x1067.jpg 800w, https:\/\/www.landkreise.digital\/wp-content\/uploads\/sites\/21\/2024\/12\/Image-7-1152x1536.jpg 1152w, https:\/\/www.landkreise.digital\/wp-content\/uploads\/sites\/21\/2024\/12\/Image-7-1200x1600.jpg 1200w, https:\/\/www.landkreise.digital\/wp-content\/uploads\/sites\/21\/2024\/12\/Image-7-1536x2048.jpg 1536w, https:\/\/www.landkreise.digital\/wp-content\/uploads\/sites\/21\/2024\/12\/Image-7-scaled.jpg 1920w\" data-sizes=\"auto\" \/><\/a>\n\t\t\t<\/dt><\/dl><dl class='gallery-item'>\n\t\t\t<dt class='gallery-icon portrait'>\n\t\t\t\t<a data-rel=\"iLightbox[postimages]\" data-title=\"Digital-Gipfel Image (11)\" data-caption=\"\" href='https:\/\/www.landkreise.digital\/image-11-2\/'><img decoding=\"async\" width=\"768\" height=\"1024\" src=\"https:\/\/www.landkreise.digital\/wp-content\/uploads\/sites\/21\/2024\/12\/Image-11.jpg\" class=\"attachment-full size-full lazyload\" alt=\"Digital-Gipfel Image (11)\" srcset=\"data:image\/svg+xml,%3Csvg%20xmlns%3D%27http%3A%2F%2Fwww.w3.org%2F2000%2Fsvg%27%20width%3D%27768%27%20height%3D%271024%27%20viewBox%3D%270%200%20768%201024%27%3E%3Crect%20width%3D%27768%27%20height%3D%271024%27%20fill-opacity%3D%220%22%2F%3E%3C%2Fsvg%3E\" data-orig-src=\"https:\/\/www.landkreise.digital\/wp-content\/uploads\/sites\/21\/2024\/12\/Image-11.jpg\" data-srcset=\"https:\/\/www.landkreise.digital\/wp-content\/uploads\/sites\/21\/2024\/12\/Image-11-200x267.jpg 200w, https:\/\/www.landkreise.digital\/wp-content\/uploads\/sites\/21\/2024\/12\/Image-11-225x300.jpg 225w, https:\/\/www.landkreise.digital\/wp-content\/uploads\/sites\/21\/2024\/12\/Image-11-400x533.jpg 400w, https:\/\/www.landkreise.digital\/wp-content\/uploads\/sites\/21\/2024\/12\/Image-11-600x800.jpg 600w, https:\/\/www.landkreise.digital\/wp-content\/uploads\/sites\/21\/2024\/12\/Image-11.jpg 768w\" data-sizes=\"auto\" \/><\/a>\n\t\t\t<\/dt><\/dl><br style=\"clear: both\" \/>\n\t\t<\/div>\n\n<p><em>Eindr\u00fccke der Smart Country Convention und des Digital-Gipfels 2024.<\/em><\/p>\n<p>Auch beim <strong>Marktplatz<\/strong> gab es ein gro\u00dfes Update (BETA-Version): Die Einf\u00fchrung des KI-Tools, das eine automatisierte Qualit\u00e4tspr\u00fcfung bietet. So werden L\u00f6sungen auf Usability, Community, Dokumentation, Architektur-Dokumentation und Codequalit\u00e4t getestet und besonders herausragende Bereiche ausgezeichnet.<\/p>\n\n\t\t<style type=\"text\/css\">\n\t\t\t#gallery-2 {\n\t\t\t\tmargin: auto;\n\t\t\t}\n\t\t\t#gallery-2 .gallery-item {\n\t\t\t\tfloat: left;\n\t\t\t\tmargin-top: 10px;\n\t\t\t\ttext-align: center;\n\t\t\t\twidth: 100%;\n\t\t\t}\n\t\t\t#gallery-2 img {\n\t\t\t\tborder: 2px solid #cfcfcf;\n\t\t\t}\n\t\t\t#gallery-2 .gallery-caption {\n\t\t\t\tmargin-left: 0;\n\t\t\t}\n\t\t\t\/* see gallery_shortcode() in wp-includes\/media.php *\/\n\t\t<\/style>\n\t\t<div id='gallery-2' class='gallery galleryid-6343 gallery-columns-1 gallery-size-full'><dl class='gallery-item'>\n\t\t\t<dt class='gallery-icon landscape'>\n\t\t\t\t<a data-rel=\"iLightbox[postimages]\" data-title=\"KI_Overview\" data-caption=\"\" href='https:\/\/www.landkreise.digital\/ki_overview\/'><img decoding=\"async\" width=\"1920\" height=\"1425\" src=\"https:\/\/www.landkreise.digital\/wp-content\/uploads\/sites\/21\/2024\/12\/KI_Overview.png\" class=\"attachment-full size-full lazyload\" alt=\"Das neue KI Tool\" srcset=\"data:image\/svg+xml,%3Csvg%20xmlns%3D%27http%3A%2F%2Fwww.w3.org%2F2000%2Fsvg%27%20width%3D%271920%27%20height%3D%271425%27%20viewBox%3D%270%200%201920%201425%27%3E%3Crect%20width%3D%271920%27%20height%3D%271425%27%20fill-opacity%3D%220%22%2F%3E%3C%2Fsvg%3E\" data-orig-src=\"https:\/\/www.landkreise.digital\/wp-content\/uploads\/sites\/21\/2024\/12\/KI_Overview.png\" data-srcset=\"https:\/\/www.landkreise.digital\/wp-content\/uploads\/sites\/21\/2024\/12\/KI_Overview-200x148.png 200w, https:\/\/www.landkreise.digital\/wp-content\/uploads\/sites\/21\/2024\/12\/KI_Overview-300x223.png 300w, https:\/\/www.landkreise.digital\/wp-content\/uploads\/sites\/21\/2024\/12\/KI_Overview-400x297.png 400w, https:\/\/www.landkreise.digital\/wp-content\/uploads\/sites\/21\/2024\/12\/KI_Overview-600x445.png 600w, https:\/\/www.landkreise.digital\/wp-content\/uploads\/sites\/21\/2024\/12\/KI_Overview-768x570.png 768w, https:\/\/www.landkreise.digital\/wp-content\/uploads\/sites\/21\/2024\/12\/KI_Overview-800x594.png 800w, https:\/\/www.landkreise.digital\/wp-content\/uploads\/sites\/21\/2024\/12\/KI_Overview-1024x760.png 1024w, https:\/\/www.landkreise.digital\/wp-content\/uploads\/sites\/21\/2024\/12\/KI_Overview-1200x891.png 1200w, https:\/\/www.landkreise.digital\/wp-content\/uploads\/sites\/21\/2024\/12\/KI_Overview-1536x1140.png 1536w, https:\/\/www.landkreise.digital\/wp-content\/uploads\/sites\/21\/2024\/12\/KI_Overview.png 1920w\" data-sizes=\"auto\" \/><\/a>\n\t\t\t<\/dt><\/dl><br style=\"clear: both\" \/>\n\t\t<\/div>\n\n<p><em>KI-Checkup auf dem Marktplatz. <\/em><\/p>\n<p>Unser letztes gro\u00dfes Update in diesem Jahr kam im November f\u00fcr \u00bb<a href=\"https:\/\/info.landraeume.digital\/2024\/11\/06\/november-2024-release-online-zahlung\/\">LandR\u00e4ume<\/a>\u00ab, das die Online Bezahlung m\u00f6glich machte.<br \/>\nDes Weiteren startete der neue Podcast \u00bb<a href=\"https:\/\/www.iese.fraunhofer.de\/de\/link\/kurz-und-wuerzig.html\">kurz &amp; w\u00fcrzig<\/a>\u00ab, in dem Steffen Hess und Anne-Marie Kilpert sich im lockeren Gespr\u00e4ch \u00fcber Verwaltungsdigitalisierung unterhalten und so Hintergrundwissen in kleinen Happen n\u00e4herbringen.<\/p>\n<p><img decoding=\"async\" class=\"lazyload alignnone size-full wp-image-6361\" src=\"https:\/\/www.landkreise.digital\/wp-content\/uploads\/sites\/21\/2024\/12\/online-payment.png\" data-orig-src=\"https:\/\/www.landkreise.digital\/wp-content\/uploads\/sites\/21\/2024\/12\/online-payment.png\" alt=\"Die Option zur Online Bezahlung bei LandR\u00e4ume\" width=\"1824\" height=\"1060\" srcset=\"data:image\/svg+xml,%3Csvg%20xmlns%3D%27http%3A%2F%2Fwww.w3.org%2F2000%2Fsvg%27%20width%3D%271824%27%20height%3D%271060%27%20viewBox%3D%270%200%201824%201060%27%3E%3Crect%20width%3D%271824%27%20height%3D%271060%27%20fill-opacity%3D%220%22%2F%3E%3C%2Fsvg%3E\" data-srcset=\"https:\/\/www.landkreise.digital\/wp-content\/uploads\/sites\/21\/2024\/12\/online-payment-200x116.png 200w, https:\/\/www.landkreise.digital\/wp-content\/uploads\/sites\/21\/2024\/12\/online-payment-300x174.png 300w, https:\/\/www.landkreise.digital\/wp-content\/uploads\/sites\/21\/2024\/12\/online-payment-400x232.png 400w, https:\/\/www.landkreise.digital\/wp-content\/uploads\/sites\/21\/2024\/12\/online-payment-600x349.png 600w, https:\/\/www.landkreise.digital\/wp-content\/uploads\/sites\/21\/2024\/12\/online-payment-768x446.png 768w, https:\/\/www.landkreise.digital\/wp-content\/uploads\/sites\/21\/2024\/12\/online-payment-800x465.png 800w, https:\/\/www.landkreise.digital\/wp-content\/uploads\/sites\/21\/2024\/12\/online-payment-1024x595.png 1024w, https:\/\/www.landkreise.digital\/wp-content\/uploads\/sites\/21\/2024\/12\/online-payment-1200x697.png 1200w, https:\/\/www.landkreise.digital\/wp-content\/uploads\/sites\/21\/2024\/12\/online-payment-1536x893.png 1536w, https:\/\/www.landkreise.digital\/wp-content\/uploads\/sites\/21\/2024\/12\/online-payment.png 1824w\" data-sizes=\"auto\" data-orig-sizes=\"(max-width: 1824px) 100vw, 1824px\" \/><\/p>\n<p><em>Online Zahlungen sind jetzt bei \u00bb<a href=\"https:\/\/info.landraeume.digital\/2024\/11\/06\/november-2024-release-online-zahlung\/\">LandR\u00e4ume<\/a>\u00ab m\u00f6glich.<\/em><\/p>\n<p>Das Jahr 2024 hat gezeigt, dass unser Projekt vielen Menschen in l\u00e4ndlichen R\u00e4umen helfen kann. Wir k\u00f6nnen durch unsere Zusammenarbeit mit den Kommunen, unserem Engagement und unserer Expertise unterst\u00fctzend beitragen, sodass eine stabile Grundlage f\u00fcr zuk\u00fcnftige Entwicklungen geschaffen wird, die den Weg f\u00fcr eine einfachere Digitalisierung der l\u00e4ndlichen R\u00e4ume ebnet.<\/p>\n<p>In 11 Onboarding Veranstaltungen mit insgesamt \u00fcber 200 Teilnehmenden hatten wir 2024 die Chance, unseren <a href=\"https:\/\/marktplatz.landkreise.digital\/\">Marktplatz <\/a>interessierten Kommunen n\u00e4herzubringen.<br \/>\nDies zeigte sich deutlich im Wachstum der Plattform. So sind nun, Mitte Dezember, 85 Kommunen mit 78 L\u00f6sungen vertreten, mit weiterem Wachstum in Sicht.<br \/>\nZum Ende des Projektes \u00bb<strong>Smarte.Land.Regionen<\/strong>\u00ab bekamen wir auch die Zusage zur Folgef\u00f6rderung mit einer angepassten Projektstruktur. Die Folgef\u00f6rderung bis Ende 2026 ist gesichert und wird mit einem Fokus auf der Weiterentwicklung unseres Marktplatzes <strong>DEUTSCHLAND.DIGITAL<\/strong> liegen.<\/p>\n<p>Mit unseren neugewonnenen Erfahrungen und dieser Vision schauen wir zuversichtlich auf das Jahr 2025. Wir danken unseren Partnern und Partnerinnen, unseren Unterst\u00fctzern und allen, mit denen wir in diesem Jahr zusammenarbeiten durften, und freuen uns darauf, im kommenden Jahr gemeinsam neue Ziele zu erreichen und weitere Erfolge feiern zu k\u00f6nnen.<\/p>\n","protected":false},"excerpt":{"rendered":"<p>Das Ende eines Jahres bietet nicht nur die Gelegenheit innezuhalten, sondern ist auch der Moment, um zu reflektieren und Erfolge zu feiern.<br \/>\nIn diesem Jahresr\u00fcckblick wollen wir einen Blick auf die pr\u00e4gendsten Ereignisse und Fortschritte im Projekt \u00bbSmarte.Land.Regionen\u00ab werfen, die wir gemeinsam erreicht haben.<\/p>\n","protected":false},"author":195,"featured_media":6405,"comment_status":"open","ping_status":"open","sticky":false,"template":"","format":"link","meta":{"footnotes":""},"categories":[1],"tags":[],"class_list":["post-6343","post","type-post","status-publish","format-link","has-post-thumbnail","hentry","category-uncategorized","post_format-post-format-link"],"yoast_head":"<!-- This site is optimized with the Yoast SEO plugin v27.5 - https:\/\/yoast.com\/product\/yoast-seo-wordpress\/ -->\n<title>R\u00fcckblick auf ein erfolgreiches Jahr 2024 - Projekt Smarte.Land.Regionen<\/title>\n<meta name=\"description\" content=\"In diesem Jahresr\u00fcckblick schauen wir auf die pr\u00e4gendsten Ereignisse und Fortschritte im Projekt \u00bbSmarte.Land.Regionen\u00ab zur\u00fcck.\" \/>\n<meta name=\"robots\" content=\"index, follow, max-snippet:-1, max-image-preview:large, max-video-preview:-1\" \/>\n<link rel=\"canonical\" href=\"https:\/\/www.landkreise.digital\/index.php\/2024\/12\/16\/rueckblick-auf-ein-erfolgreiches-jahr-2024\/\" \/>\n<meta property=\"og:locale\" content=\"de_DE\" \/>\n<meta property=\"og:type\" content=\"article\" \/>\n<meta property=\"og:title\" content=\"R\u00fcckblick auf ein erfolgreiches Jahr 2024 - Projekt Smarte.Land.Regionen\" \/>\n<meta property=\"og:description\" content=\"In diesem Jahresr\u00fcckblick schauen wir auf die pr\u00e4gendsten Ereignisse und Fortschritte im Projekt \u00bbSmarte.Land.Regionen\u00ab zur\u00fcck.\" \/>\n<meta property=\"og:url\" content=\"https:\/\/www.landkreise.digital\/index.php\/2024\/12\/16\/rueckblick-auf-ein-erfolgreiches-jahr-2024\/\" \/>\n<meta property=\"og:site_name\" content=\"Projekt Smarte.Land.Regionen\" \/>\n<meta property=\"article:publisher\" content=\"https:\/\/www.facebook.com\/SLRegionen\" \/>\n<meta property=\"article:published_time\" content=\"2024-12-16T14:01:52+00:00\" \/>\n<meta property=\"og:image\" content=\"https:\/\/www.landkreise.digital\/wp-content\/uploads\/sites\/21\/2024\/12\/Collage-Jahresrueckblick_2024-1024x576.png\" \/>\n\t<meta property=\"og:image:width\" content=\"1024\" \/>\n\t<meta property=\"og:image:height\" content=\"576\" \/>\n\t<meta property=\"og:image:type\" content=\"image\/png\" \/>\n<meta name=\"author\" content=\"Jil Nu\u00dfbaum\" \/>\n<meta name=\"twitter:card\" content=\"summary_large_image\" \/>\n<meta name=\"twitter:creator\" content=\"@SLRegionen\" \/>\n<meta name=\"twitter:site\" content=\"@SLRegionen\" \/>\n<meta name=\"twitter:label1\" content=\"Verfasst von\" \/>\n\t<meta name=\"twitter:data1\" content=\"Jil Nu\u00dfbaum\" \/>\n\t<meta name=\"twitter:label2\" content=\"Gesch\u00e4tzte Lesezeit\" \/>\n\t<meta name=\"twitter:data2\" content=\"7\u00a0Minuten\" \/>\n<script type=\"application\/ld+json\" class=\"yoast-schema-graph\">{\"@context\":\"https:\\\/\\\/schema.org\",\"@graph\":[{\"@type\":\"Article\",\"@id\":\"https:\\\/\\\/www.landkreise.digital\\\/index.php\\\/2024\\\/12\\\/16\\\/rueckblick-auf-ein-erfolgreiches-jahr-2024\\\/#article\",\"isPartOf\":{\"@id\":\"https:\\\/\\\/www.landkreise.digital\\\/index.php\\\/2024\\\/12\\\/16\\\/rueckblick-auf-ein-erfolgreiches-jahr-2024\\\/\"},\"author\":{\"name\":\"Jil Nu\u00dfbaum\",\"@id\":\"https:\\\/\\\/www.landkreise.digital\\\/#\\\/schema\\\/person\\\/ab93f6b68cbe21c189d6ffaf94b56533\"},\"headline\":\"R\u00fcckblick auf ein erfolgreiches Jahr 2024\",\"datePublished\":\"2024-12-16T14:01:52+00:00\",\"mainEntityOfPage\":{\"@id\":\"https:\\\/\\\/www.landkreise.digital\\\/index.php\\\/2024\\\/12\\\/16\\\/rueckblick-auf-ein-erfolgreiches-jahr-2024\\\/\"},\"wordCount\":1012,\"commentCount\":0,\"publisher\":{\"@id\":\"https:\\\/\\\/www.landkreise.digital\\\/#organization\"},\"image\":{\"@id\":\"https:\\\/\\\/www.landkreise.digital\\\/index.php\\\/2024\\\/12\\\/16\\\/rueckblick-auf-ein-erfolgreiches-jahr-2024\\\/#primaryimage\"},\"thumbnailUrl\":\"https:\\\/\\\/www.landkreise.digital\\\/wp-content\\\/uploads\\\/sites\\\/21\\\/2024\\\/12\\\/Collage-Jahresrueckblick_2024.png\",\"articleSection\":[\"Uncategorized\"],\"inLanguage\":\"de\",\"potentialAction\":[{\"@type\":\"CommentAction\",\"name\":\"Comment\",\"target\":[\"https:\\\/\\\/www.landkreise.digital\\\/index.php\\\/2024\\\/12\\\/16\\\/rueckblick-auf-ein-erfolgreiches-jahr-2024\\\/#respond\"]}]},{\"@type\":\"WebPage\",\"@id\":\"https:\\\/\\\/www.landkreise.digital\\\/index.php\\\/2024\\\/12\\\/16\\\/rueckblick-auf-ein-erfolgreiches-jahr-2024\\\/\",\"url\":\"https:\\\/\\\/www.landkreise.digital\\\/index.php\\\/2024\\\/12\\\/16\\\/rueckblick-auf-ein-erfolgreiches-jahr-2024\\\/\",\"name\":\"R\u00fcckblick auf ein erfolgreiches Jahr 2024 - Projekt Smarte.Land.Regionen\",\"isPartOf\":{\"@id\":\"https:\\\/\\\/www.landkreise.digital\\\/#website\"},\"primaryImageOfPage\":{\"@id\":\"https:\\\/\\\/www.landkreise.digital\\\/index.php\\\/2024\\\/12\\\/16\\\/rueckblick-auf-ein-erfolgreiches-jahr-2024\\\/#primaryimage\"},\"image\":{\"@id\":\"https:\\\/\\\/www.landkreise.digital\\\/index.php\\\/2024\\\/12\\\/16\\\/rueckblick-auf-ein-erfolgreiches-jahr-2024\\\/#primaryimage\"},\"thumbnailUrl\":\"https:\\\/\\\/www.landkreise.digital\\\/wp-content\\\/uploads\\\/sites\\\/21\\\/2024\\\/12\\\/Collage-Jahresrueckblick_2024.png\",\"datePublished\":\"2024-12-16T14:01:52+00:00\",\"description\":\"In diesem Jahresr\u00fcckblick schauen wir auf die pr\u00e4gendsten Ereignisse und Fortschritte im Projekt \u00bbSmarte.Land.Regionen\u00ab zur\u00fcck.\",\"breadcrumb\":{\"@id\":\"https:\\\/\\\/www.landkreise.digital\\\/index.php\\\/2024\\\/12\\\/16\\\/rueckblick-auf-ein-erfolgreiches-jahr-2024\\\/#breadcrumb\"},\"inLanguage\":\"de\",\"potentialAction\":[{\"@type\":\"ReadAction\",\"target\":[\"https:\\\/\\\/www.landkreise.digital\\\/index.php\\\/2024\\\/12\\\/16\\\/rueckblick-auf-ein-erfolgreiches-jahr-2024\\\/\"]}]},{\"@type\":\"ImageObject\",\"inLanguage\":\"de\",\"@id\":\"https:\\\/\\\/www.landkreise.digital\\\/index.php\\\/2024\\\/12\\\/16\\\/rueckblick-auf-ein-erfolgreiches-jahr-2024\\\/#primaryimage\",\"url\":\"https:\\\/\\\/www.landkreise.digital\\\/wp-content\\\/uploads\\\/sites\\\/21\\\/2024\\\/12\\\/Collage-Jahresrueckblick_2024.png\",\"contentUrl\":\"https:\\\/\\\/www.landkreise.digital\\\/wp-content\\\/uploads\\\/sites\\\/21\\\/2024\\\/12\\\/Collage-Jahresrueckblick_2024.png\",\"width\":1920,\"height\":1080,\"caption\":\"\u00dcbersicht Jahr 2024\"},{\"@type\":\"BreadcrumbList\",\"@id\":\"https:\\\/\\\/www.landkreise.digital\\\/index.php\\\/2024\\\/12\\\/16\\\/rueckblick-auf-ein-erfolgreiches-jahr-2024\\\/#breadcrumb\",\"itemListElement\":[{\"@type\":\"ListItem\",\"position\":1,\"name\":\"Home\",\"item\":\"https:\\\/\\\/www.landkreise.digital\\\/\"},{\"@type\":\"ListItem\",\"position\":2,\"name\":\"R\u00fcckblick auf ein erfolgreiches Jahr 2024\"}]},{\"@type\":\"WebSite\",\"@id\":\"https:\\\/\\\/www.landkreise.digital\\\/#website\",\"url\":\"https:\\\/\\\/www.landkreise.digital\\\/\",\"name\":\"Projekt Smarte.Land.Regionen\",\"description\":\"Digitale L\u00f6sungen f\u00fcrs Land\",\"publisher\":{\"@id\":\"https:\\\/\\\/www.landkreise.digital\\\/#organization\"},\"potentialAction\":[{\"@type\":\"SearchAction\",\"target\":{\"@type\":\"EntryPoint\",\"urlTemplate\":\"https:\\\/\\\/www.landkreise.digital\\\/?s={search_term_string}\"},\"query-input\":{\"@type\":\"PropertyValueSpecification\",\"valueRequired\":true,\"valueName\":\"search_term_string\"}}],\"inLanguage\":\"de\"},{\"@type\":\"Organization\",\"@id\":\"https:\\\/\\\/www.landkreise.digital\\\/#organization\",\"name\":\"Projekt Smarte.Land.Regionen\",\"url\":\"https:\\\/\\\/www.landkreise.digital\\\/\",\"logo\":{\"@type\":\"ImageObject\",\"inLanguage\":\"de\",\"@id\":\"https:\\\/\\\/www.landkreise.digital\\\/#\\\/schema\\\/logo\\\/image\\\/\",\"url\":\"https:\\\/\\\/www.landkreise.digital\\\/wp-content\\\/uploads\\\/sites\\\/21\\\/2023\\\/02\\\/Landschaftsbild.jpg\",\"contentUrl\":\"https:\\\/\\\/www.landkreise.digital\\\/wp-content\\\/uploads\\\/sites\\\/21\\\/2023\\\/02\\\/Landschaftsbild.jpg\",\"width\":2000,\"height\":1333,\"caption\":\"Projekt Smarte.Land.Regionen\"},\"image\":{\"@id\":\"https:\\\/\\\/www.landkreise.digital\\\/#\\\/schema\\\/logo\\\/image\\\/\"},\"sameAs\":[\"https:\\\/\\\/www.facebook.com\\\/SLRegionen\",\"https:\\\/\\\/x.com\\\/SLRegionen\",\"https:\\\/\\\/www.linkedin.com\\\/in\\\/smarte-land-regionen\\\/\"]},{\"@type\":\"Person\",\"@id\":\"https:\\\/\\\/www.landkreise.digital\\\/#\\\/schema\\\/person\\\/ab93f6b68cbe21c189d6ffaf94b56533\",\"name\":\"Jil Nu\u00dfbaum\",\"image\":{\"@type\":\"ImageObject\",\"inLanguage\":\"de\",\"@id\":\"https:\\\/\\\/secure.gravatar.com\\\/avatar\\\/9984c554ef26952e6223e737283a824175e23f0db145298060f39eb6bde51712?s=96&d=mm&r=g\",\"url\":\"https:\\\/\\\/secure.gravatar.com\\\/avatar\\\/9984c554ef26952e6223e737283a824175e23f0db145298060f39eb6bde51712?s=96&d=mm&r=g\",\"contentUrl\":\"https:\\\/\\\/secure.gravatar.com\\\/avatar\\\/9984c554ef26952e6223e737283a824175e23f0db145298060f39eb6bde51712?s=96&d=mm&r=g\",\"caption\":\"Jil Nu\u00dfbaum\"},\"url\":\"https:\\\/\\\/www.landkreise.digital\\\/index.php\\\/author\\\/nussbaum\\\/\"}]}<\/script>\n<!-- \/ Yoast SEO plugin. -->","yoast_head_json":{"title":"R\u00fcckblick auf ein erfolgreiches Jahr 2024 - Projekt Smarte.Land.Regionen","description":"In diesem Jahresr\u00fcckblick schauen wir auf die pr\u00e4gendsten Ereignisse und Fortschritte im Projekt \u00bbSmarte.Land.Regionen\u00ab zur\u00fcck.","robots":{"index":"index","follow":"follow","max-snippet":"max-snippet:-1","max-image-preview":"max-image-preview:large","max-video-preview":"max-video-preview:-1"},"canonical":"https:\/\/www.landkreise.digital\/index.php\/2024\/12\/16\/rueckblick-auf-ein-erfolgreiches-jahr-2024\/","og_locale":"de_DE","og_type":"article","og_title":"R\u00fcckblick auf ein erfolgreiches Jahr 2024 - Projekt Smarte.Land.Regionen","og_description":"In diesem Jahresr\u00fcckblick schauen wir auf die pr\u00e4gendsten Ereignisse und Fortschritte im Projekt \u00bbSmarte.Land.Regionen\u00ab zur\u00fcck.","og_url":"https:\/\/www.landkreise.digital\/index.php\/2024\/12\/16\/rueckblick-auf-ein-erfolgreiches-jahr-2024\/","og_site_name":"Projekt Smarte.Land.Regionen","article_publisher":"https:\/\/www.facebook.com\/SLRegionen","article_published_time":"2024-12-16T14:01:52+00:00","og_image":[{"width":1024,"height":576,"url":"https:\/\/www.landkreise.digital\/wp-content\/uploads\/sites\/21\/2024\/12\/Collage-Jahresrueckblick_2024-1024x576.png","type":"image\/png"}],"author":"Jil Nu\u00dfbaum","twitter_card":"summary_large_image","twitter_creator":"@SLRegionen","twitter_site":"@SLRegionen","twitter_misc":{"Verfasst von":"Jil Nu\u00dfbaum","Gesch\u00e4tzte Lesezeit":"7\u00a0Minuten"},"schema":{"@context":"https:\/\/schema.org","@graph":[{"@type":"Article","@id":"https:\/\/www.landkreise.digital\/index.php\/2024\/12\/16\/rueckblick-auf-ein-erfolgreiches-jahr-2024\/#article","isPartOf":{"@id":"https:\/\/www.landkreise.digital\/index.php\/2024\/12\/16\/rueckblick-auf-ein-erfolgreiches-jahr-2024\/"},"author":{"name":"Jil Nu\u00dfbaum","@id":"https:\/\/www.landkreise.digital\/#\/schema\/person\/ab93f6b68cbe21c189d6ffaf94b56533"},"headline":"R\u00fcckblick auf ein erfolgreiches Jahr 2024","datePublished":"2024-12-16T14:01:52+00:00","mainEntityOfPage":{"@id":"https:\/\/www.landkreise.digital\/index.php\/2024\/12\/16\/rueckblick-auf-ein-erfolgreiches-jahr-2024\/"},"wordCount":1012,"commentCount":0,"publisher":{"@id":"https:\/\/www.landkreise.digital\/#organization"},"image":{"@id":"https:\/\/www.landkreise.digital\/index.php\/2024\/12\/16\/rueckblick-auf-ein-erfolgreiches-jahr-2024\/#primaryimage"},"thumbnailUrl":"https:\/\/www.landkreise.digital\/wp-content\/uploads\/sites\/21\/2024\/12\/Collage-Jahresrueckblick_2024.png","articleSection":["Uncategorized"],"inLanguage":"de","potentialAction":[{"@type":"CommentAction","name":"Comment","target":["https:\/\/www.landkreise.digital\/index.php\/2024\/12\/16\/rueckblick-auf-ein-erfolgreiches-jahr-2024\/#respond"]}]},{"@type":"WebPage","@id":"https:\/\/www.landkreise.digital\/index.php\/2024\/12\/16\/rueckblick-auf-ein-erfolgreiches-jahr-2024\/","url":"https:\/\/www.landkreise.digital\/index.php\/2024\/12\/16\/rueckblick-auf-ein-erfolgreiches-jahr-2024\/","name":"R\u00fcckblick auf ein erfolgreiches Jahr 2024 - Projekt Smarte.Land.Regionen","isPartOf":{"@id":"https:\/\/www.landkreise.digital\/#website"},"primaryImageOfPage":{"@id":"https:\/\/www.landkreise.digital\/index.php\/2024\/12\/16\/rueckblick-auf-ein-erfolgreiches-jahr-2024\/#primaryimage"},"image":{"@id":"https:\/\/www.landkreise.digital\/index.php\/2024\/12\/16\/rueckblick-auf-ein-erfolgreiches-jahr-2024\/#primaryimage"},"thumbnailUrl":"https:\/\/www.landkreise.digital\/wp-content\/uploads\/sites\/21\/2024\/12\/Collage-Jahresrueckblick_2024.png","datePublished":"2024-12-16T14:01:52+00:00","description":"In diesem Jahresr\u00fcckblick schauen wir auf die pr\u00e4gendsten Ereignisse und Fortschritte im Projekt \u00bbSmarte.Land.Regionen\u00ab zur\u00fcck.","breadcrumb":{"@id":"https:\/\/www.landkreise.digital\/index.php\/2024\/12\/16\/rueckblick-auf-ein-erfolgreiches-jahr-2024\/#breadcrumb"},"inLanguage":"de","potentialAction":[{"@type":"ReadAction","target":["https:\/\/www.landkreise.digital\/index.php\/2024\/12\/16\/rueckblick-auf-ein-erfolgreiches-jahr-2024\/"]}]},{"@type":"ImageObject","inLanguage":"de","@id":"https:\/\/www.landkreise.digital\/index.php\/2024\/12\/16\/rueckblick-auf-ein-erfolgreiches-jahr-2024\/#primaryimage","url":"https:\/\/www.landkreise.digital\/wp-content\/uploads\/sites\/21\/2024\/12\/Collage-Jahresrueckblick_2024.png","contentUrl":"https:\/\/www.landkreise.digital\/wp-content\/uploads\/sites\/21\/2024\/12\/Collage-Jahresrueckblick_2024.png","width":1920,"height":1080,"caption":"\u00dcbersicht Jahr 2024"},{"@type":"BreadcrumbList","@id":"https:\/\/www.landkreise.digital\/index.php\/2024\/12\/16\/rueckblick-auf-ein-erfolgreiches-jahr-2024\/#breadcrumb","itemListElement":[{"@type":"ListItem","position":1,"name":"Home","item":"https:\/\/www.landkreise.digital\/"},{"@type":"ListItem","position":2,"name":"R\u00fcckblick auf ein erfolgreiches Jahr 2024"}]},{"@type":"WebSite","@id":"https:\/\/www.landkreise.digital\/#website","url":"https:\/\/www.landkreise.digital\/","name":"Projekt Smarte.Land.Regionen","description":"Digitale L\u00f6sungen f\u00fcrs Land","publisher":{"@id":"https:\/\/www.landkreise.digital\/#organization"},"potentialAction":[{"@type":"SearchAction","target":{"@type":"EntryPoint","urlTemplate":"https:\/\/www.landkreise.digital\/?s={search_term_string}"},"query-input":{"@type":"PropertyValueSpecification","valueRequired":true,"valueName":"search_term_string"}}],"inLanguage":"de"},{"@type":"Organization","@id":"https:\/\/www.landkreise.digital\/#organization","name":"Projekt Smarte.Land.Regionen","url":"https:\/\/www.landkreise.digital\/","logo":{"@type":"ImageObject","inLanguage":"de","@id":"https:\/\/www.landkreise.digital\/#\/schema\/logo\/image\/","url":"https:\/\/www.landkreise.digital\/wp-content\/uploads\/sites\/21\/2023\/02\/Landschaftsbild.jpg","contentUrl":"https:\/\/www.landkreise.digital\/wp-content\/uploads\/sites\/21\/2023\/02\/Landschaftsbild.jpg","width":2000,"height":1333,"caption":"Projekt Smarte.Land.Regionen"},"image":{"@id":"https:\/\/www.landkreise.digital\/#\/schema\/logo\/image\/"},"sameAs":["https:\/\/www.facebook.com\/SLRegionen","https:\/\/x.com\/SLRegionen","https:\/\/www.linkedin.com\/in\/smarte-land-regionen\/"]},{"@type":"Person","@id":"https:\/\/www.landkreise.digital\/#\/schema\/person\/ab93f6b68cbe21c189d6ffaf94b56533","name":"Jil Nu\u00dfbaum","image":{"@type":"ImageObject","inLanguage":"de","@id":"https:\/\/secure.gravatar.com\/avatar\/9984c554ef26952e6223e737283a824175e23f0db145298060f39eb6bde51712?s=96&d=mm&r=g","url":"https:\/\/secure.gravatar.com\/avatar\/9984c554ef26952e6223e737283a824175e23f0db145298060f39eb6bde51712?s=96&d=mm&r=g","contentUrl":"https:\/\/secure.gravatar.com\/avatar\/9984c554ef26952e6223e737283a824175e23f0db145298060f39eb6bde51712?s=96&d=mm&r=g","caption":"Jil Nu\u00dfbaum"},"url":"https:\/\/www.landkreise.digital\/index.php\/author\/nussbaum\/"}]}},"_links":{"self":[{"href":"https:\/\/www.landkreise.digital\/index.php\/wp-json\/wp\/v2\/posts\/6343","targetHints":{"allow":["GET"]}}],"collection":[{"href":"https:\/\/www.landkreise.digital\/index.php\/wp-json\/wp\/v2\/posts"}],"about":[{"href":"https:\/\/www.landkreise.digital\/index.php\/wp-json\/wp\/v2\/types\/post"}],"author":[{"embeddable":true,"href":"https:\/\/www.landkreise.digital\/index.php\/wp-json\/wp\/v2\/users\/195"}],"replies":[{"embeddable":true,"href":"https:\/\/www.landkreise.digital\/index.php\/wp-json\/wp\/v2\/comments?post=6343"}],"version-history":[{"count":34,"href":"https:\/\/www.landkreise.digital\/index.php\/wp-json\/wp\/v2\/posts\/6343\/revisions"}],"predecessor-version":[{"id":6890,"href":"https:\/\/www.landkreise.digital\/index.php\/wp-json\/wp\/v2\/posts\/6343\/revisions\/6890"}],"wp:featuredmedia":[{"embeddable":true,"href":"https:\/\/www.landkreise.digital\/index.php\/wp-json\/wp\/v2\/media\/6405"}],"wp:attachment":[{"href":"https:\/\/www.landkreise.digital\/index.php\/wp-json\/wp\/v2\/media?parent=6343"}],"wp:term":[{"taxonomy":"category","embeddable":true,"href":"https:\/\/www.landkreise.digital\/index.php\/wp-json\/wp\/v2\/categories?post=6343"},{"taxonomy":"post_tag","embeddable":true,"href":"https:\/\/www.landkreise.digital\/index.php\/wp-json\/wp\/v2\/tags?post=6343"}],"curies":[{"name":"wp","href":"https:\/\/api.w.org\/{rel}","templated":true}]}}