{"id":6212,"date":"2024-08-13T11:41:21","date_gmt":"2024-08-13T09:41:21","guid":{"rendered":"https:\/\/www.landkreise.digital\/?p=6212"},"modified":"2024-08-13T11:41:21","modified_gmt":"2024-08-13T09:41:21","slug":"2-smarter-kaffee","status":"publish","type":"post","link":"https:\/\/www.landkreise.digital\/index.php\/2024\/08\/13\/2-smarter-kaffee\/","title":{"rendered":"2. Smarter Kaffee"},"content":{"rendered":"<div class=\"fusion-fullwidth fullwidth-box fusion-builder-row-1 fusion-flex-container nonhundred-percent-fullwidth non-hundred-percent-height-scrolling\" style=\"background-color: rgba(255,255,255,0);background-position: center center;background-repeat: no-repeat;border-width: 0px 0px 0px 0px;border-color:#eae9e9;border-style:solid;\" ><div class=\"fusion-builder-row fusion-row fusion-flex-align-items-flex-start\" style=\"max-width:1144px;margin-left: calc(-4% \/ 2 );margin-right: calc(-4% \/ 2 );\"><div class=\"fusion-layout-column fusion_builder_column fusion-builder-column-0 fusion_builder_column_1_1 1_1 fusion-flex-column\"><div class=\"fusion-column-wrapper fusion-flex-justify-content-flex-start fusion-content-layout-column\" style=\"background-position:left top;background-blend-mode: overlay;background-repeat:no-repeat;-webkit-background-size:cover;-moz-background-size:cover;-o-background-size:cover;background-size:cover;padding: 0px 0px 0px 0px;\"><div class=\"fusion-text fusion-text-1\"><h4 class=\"fusion-responsive-typography-calculated\" style=\"--fontsize: 28;line-height: 1.87;--minfontsize: 28\" data-fontsize=\"28\" data-lineheight=\"52.36px\">Smarte.Land.Regionen | 2. Smarter Kaffee<\/h4>\n<div class=\"wp-block-image\"><img decoding=\"async\" class=\"lazyload wpa-warning wpa-long-alt alignnone wp-image-6071 size-full\" src=\"https:\/\/www.landkreise.digital\/wp-content\/uploads\/sites\/21\/2024\/07\/SmartCafe.png\" data-orig-src=\"https:\/\/www.landkreise.digital\/wp-content\/uploads\/sites\/21\/2024\/07\/SmartCafe.png\" alt=\"Grafische Darstellung einer Videokonferenz auf einem Laptop.\" width=\"3761\" height=\"3016\" data-warning=\"Long alt text\" srcset=\"data:image\/svg+xml,%3Csvg%20xmlns%3D%27http%3A%2F%2Fwww.w3.org%2F2000%2Fsvg%27%20width%3D%273761%27%20height%3D%273016%27%20viewBox%3D%270%200%203761%203016%27%3E%3Crect%20width%3D%273761%27%20height%3D%273016%27%20fill-opacity%3D%220%22%2F%3E%3C%2Fsvg%3E\" data-srcset=\"https:\/\/www.landkreise.digital\/wp-content\/uploads\/sites\/21\/2024\/07\/SmartCafe-200x160.png 200w, https:\/\/www.landkreise.digital\/wp-content\/uploads\/sites\/21\/2024\/07\/SmartCafe-300x241.png 300w, https:\/\/www.landkreise.digital\/wp-content\/uploads\/sites\/21\/2024\/07\/SmartCafe-400x321.png 400w, https:\/\/www.landkreise.digital\/wp-content\/uploads\/sites\/21\/2024\/07\/SmartCafe-600x481.png 600w, https:\/\/www.landkreise.digital\/wp-content\/uploads\/sites\/21\/2024\/07\/SmartCafe-768x616.png 768w, https:\/\/www.landkreise.digital\/wp-content\/uploads\/sites\/21\/2024\/07\/SmartCafe-800x642.png 800w, https:\/\/www.landkreise.digital\/wp-content\/uploads\/sites\/21\/2024\/07\/SmartCafe-1024x821.png 1024w, https:\/\/www.landkreise.digital\/wp-content\/uploads\/sites\/21\/2024\/07\/SmartCafe-1200x962.png 1200w, https:\/\/www.landkreise.digital\/wp-content\/uploads\/sites\/21\/2024\/07\/SmartCafe-1536x1232.png 1536w, https:\/\/www.landkreise.digital\/wp-content\/uploads\/sites\/21\/2024\/07\/SmartCafe.png 3761w\" data-sizes=\"auto\" data-orig-sizes=\"(max-width: 3761px) 100vw, 3761px\" \/><\/div>\n<p><strong>Zum bereits zweiten Mal fand am 18. Juli 2024 das digitale Austauschformat <\/strong><span style=\"color: var(--body_typography-color);font-family: var(--body_typography-font-family);font-size: var(--body_typography-font-size);font-style: var(--body_typography-font-style,normal);font-weight: var(--body_typography-font-weight);letter-spacing: var(--body_typography-letter-spacing)\">\u00bb<\/span><strong style=\"color: var(--body_typography-color);font-family: var(--body_typography-font-family);font-size: var(--body_typography-font-size);font-style: var(--body_typography-font-style,normal);letter-spacing: var(--body_typography-letter-spacing)\">Smarter Kaffee<\/strong><span style=\"color: var(--body_typography-color);font-family: var(--body_typography-font-family);font-size: var(--body_typography-font-size);font-style: var(--body_typography-font-style,normal);font-weight: var(--body_typography-font-weight);letter-spacing: var(--body_typography-letter-spacing)\">\u00ab<\/span><strong style=\"color: var(--body_typography-color);font-family: var(--body_typography-font-family);font-size: var(--body_typography-font-size);font-style: var(--body_typography-font-style,normal);letter-spacing: var(--body_typography-letter-spacing)\"> statt. Im virtuellen Raum trafen sich Projektbeteiligte, um einerseits inhaltlichen Input zu erhalten, andererseits um die M\u00f6glichkeit zu nutzen, auch au\u00dferhalb der halbj\u00e4hrlichen Vernetzungstreffen in Kontakt zu bleiben. Im Juli standen gleich zwei Themen im Fokus: Zun\u00e4chst teilte Bj\u00f6rn Gedicke vom Deutschen Landkreistag (DLT) die Erkenntnisse aus seiner Bereisung der 20 Landkreise. Anschlie\u00dfend gab Anne-Marie Kilpert vom Fraunhofer IESE einen Einblick in den <a href=\"https:\/\/marktplatz.landkreise.digital\/\">Marktplatz<\/a> und warf gemeinsam mit den Teilnehmenden einen Blick auf die Roadmap.<\/strong><\/p>\n<p>Im ersten Teil der Austauschrunde stellte Bj\u00f6rn Gedicke die <strong>wichtigsten Befunde aus seinen Gespr\u00e4chen mit den Digitalprojekten <\/strong>vor. Im Rahmen des Smarte.Land.Regionen-Projektes war die Durchf\u00fchrung von Pr\u00e4senzgespr\u00e4chen des Deutschen Landkreistages mit allen teilnehmenden Landkreisen ein zentraler Bestandteil der DLT-seitigen Unterst\u00fctzung des Programms. Die Gespr\u00e4che dienten u.a. dem Zweck, einen umfassenden Einblick in die Bedarfe und Herausforderungen vor Ort zu gewinnen, die lokalen Vorhaben kennenzulernen und eine effektive Vernetzung mit allen Smarte.Land.Regionen-Akteuren zu erreichen. Die Bereisung der Landkreise fand im Zeitraum von Oktober 2023 bis Januar 2024 statt. Zentrale Erkenntnisse bezogen sich mitunter auf die <a href=\"https:\/\/www.landkreise.digital\/index.php\/digitale-loesungen\/\">Digitalen Dienste<\/a>, den <b>Marktplatz<\/b> und das <b>digitale \u00d6kosystem<\/b> sowie auch auf den projektinternen Austausch und Wissenstransfer.<\/p>\n<p>Daran anschlie\u00dfend pr\u00e4sentierte Anne-Marie Kilpert <strong>die Ergebnisse der Abfrage zur Nutzung des Marktplatzes<\/strong>, die die IT-Prozessbegleitung Ende 2023 durchgef\u00fchrt hat. Hierbei wurde festgestellt, dass die Grundstimmung in Bezug auf die Nutzung des <b>Marktplatzes<\/b> in den Landkreisen grunds\u00e4tzlich eher positiv ist. Positives Feedback gab es u.a. f\u00fcr die einfache und nutzerfreundliche Gestaltung und die Sicherstellung von Standards bez\u00fcglich der Inhalte durch Betreiber. Es wurde allerdings von den Befragten noch Verbesserungsbedarf aufgrund des begrenzten Angebots an L\u00f6sungen gesehen. In der Zwischenzeit konnten weitere L\u00f6sungsanbietende gewonnen werden, das Angebot w\u00e4chst stetig. In diesem Zusammenhang gab Anne-Marie Kilpert auch eine kurze Zusammenfassung des im Juni 2024 ver\u00f6ffentlichten <a href=\"https:\/\/www.landkreise.digital\/index.php\/2024\/07\/24\/stufenplan\/\">Stufenplans Smarte St\u00e4dte und Regionen<\/a>, in dem der <strong>Marktplat<\/strong><b>z<\/b> eine zentrale Rolle spielt.<\/p>\n<p><strong>Der dritte \u00bbSmarte Kaffee\u00ab findet am 15. August 2024 statt.<\/strong> Dabei besch\u00e4ftigt sich die Smarte.Land.Regionen-Familie mit der Frage \u00bbOpen Source \u2013 Was verstehen wir darunter und welche Rolle spielt es f\u00fcr die Digitalisierung bei uns im Landkreis?\u00ab Neben einem Input vom Team des Fraunhofer IESE wird es auch ausreichend Zeit f\u00fcr Fragen geben. Wie immer sind bei den \u00bbSmarter Kaffee\u00ab -Runden nicht nur die Projektmanager und Projektmanagerinnen eingeladen, auch weitere Personen aus den Landkreis\u00f6kosystemen, die Interesse an den Themen haben, sind herzlich willkommen. Gerne k\u00f6nnen die Landkreise auch Themen, die sie besch\u00e4ftigen und zu denen sie Erfahrungswerte in der Runde abfragen wollen, in die \u00bbSmarter Kaffee\u00ab -Reihe einbringen.<\/p>\n<p style=\"text-align: right\"><a href=\"mailto:fabienne.hammer@iese.fraunhofer.de\">\u2709\ufe0f<\/a><\/p>\n<\/div><\/div><style type=\"text\/css\">.fusion-body .fusion-builder-column-0{width:100% !important;margin-top : 0px;margin-bottom : 0px;}.fusion-builder-column-0 > .fusion-column-wrapper {padding-top : 0px !important;padding-right : 0px !important;margin-right : 1.92%;padding-bottom : 0px !important;padding-left : 0px !important;margin-left : 1.92%;}@media only screen and (max-width:1024px) {.fusion-body .fusion-builder-column-0{width:100% !important;}.fusion-builder-column-0 > .fusion-column-wrapper {margin-right : 1.92%;margin-left : 1.92%;}}@media only screen and (max-width:640px) {.fusion-body .fusion-builder-column-0{width:100% !important;}.fusion-builder-column-0 > .fusion-column-wrapper {margin-right : 1.92%;margin-left : 1.92%;}}<\/style><\/div><\/div><style type=\"text\/css\">.fusion-body .fusion-flex-container.fusion-builder-row-1{ padding-top : 0px;margin-top : 0px;padding-right : 0px;padding-bottom : 0px;margin-bottom : 0px;padding-left : 0px;}<\/style><\/div>\n","protected":false},"excerpt":{"rendered":"<p>Zum bereits zweiten Mal fand am 18. Juli 2024 das digitale Austauschformat  \u00bbSmarter Kaffee\u00ab statt. Im virtuellen Raum trafen sich Projektbeteiligte, um einerseits inhaltlichen Input zu erhalten, andererseits um die M\u00f6glichkeit zu nutzen, auch au\u00dferhalb der halbj\u00e4hrlichen Vernetzungstreffen in Kontakt zu bleiben.<\/p>\n","protected":false},"author":195,"featured_media":6071,"comment_status":"open","ping_status":"open","sticky":false,"template":"","format":"standard","meta":{"footnotes":""},"categories":[1],"tags":[],"class_list":["post-6212","post","type-post","status-publish","format-standard","has-post-thumbnail","hentry","category-uncategorized"],"yoast_head":"<!-- This site is optimized with the Yoast SEO plugin v27.5 - https:\/\/yoast.com\/product\/yoast-seo-wordpress\/ -->\n<title>2. Smarter Kaffee - Projekt Smarte.Land.Regionen<\/title>\n<meta name=\"description\" content=\"Zum zweiten Mal hat sich die Smarte.Land.Regionen-Familie zum \u00bbSmarter Kaffee\u00ab-Austauschformat getroffen, um aktuelle Themen zu diskutieren.\" \/>\n<meta name=\"robots\" content=\"index, follow, max-snippet:-1, max-image-preview:large, max-video-preview:-1\" \/>\n<link rel=\"canonical\" href=\"https:\/\/www.landkreise.digital\/index.php\/2024\/08\/13\/2-smarter-kaffee\/\" \/>\n<meta property=\"og:locale\" content=\"de_DE\" \/>\n<meta property=\"og:type\" content=\"article\" \/>\n<meta property=\"og:title\" content=\"2. Smarter Kaffee - Projekt Smarte.Land.Regionen\" \/>\n<meta property=\"og:description\" content=\"Zum zweiten Mal hat sich die Smarte.Land.Regionen-Familie zum \u00bbSmarter Kaffee\u00ab-Austauschformat getroffen, um aktuelle Themen zu diskutieren.\" \/>\n<meta property=\"og:url\" content=\"https:\/\/www.landkreise.digital\/index.php\/2024\/08\/13\/2-smarter-kaffee\/\" \/>\n<meta property=\"og:site_name\" content=\"Projekt Smarte.Land.Regionen\" \/>\n<meta property=\"article:publisher\" content=\"https:\/\/www.facebook.com\/SLRegionen\" \/>\n<meta property=\"article:published_time\" content=\"2024-08-13T09:41:21+00:00\" \/>\n<meta property=\"og:image\" content=\"https:\/\/www.landkreise.digital\/wp-content\/uploads\/sites\/21\/2024\/07\/SmartCafe.png\" \/>\n\t<meta property=\"og:image:width\" content=\"3761\" \/>\n\t<meta property=\"og:image:height\" content=\"3016\" \/>\n\t<meta property=\"og:image:type\" content=\"image\/png\" \/>\n<meta name=\"author\" content=\"Jil Nu\u00dfbaum\" \/>\n<meta name=\"twitter:card\" content=\"summary_large_image\" \/>\n<meta name=\"twitter:creator\" content=\"@SLRegionen\" \/>\n<meta name=\"twitter:site\" content=\"@SLRegionen\" \/>\n<meta name=\"twitter:label1\" content=\"Verfasst von\" \/>\n\t<meta name=\"twitter:data1\" content=\"Jil Nu\u00dfbaum\" \/>\n\t<meta name=\"twitter:label2\" content=\"Gesch\u00e4tzte Lesezeit\" \/>\n\t<meta name=\"twitter:data2\" content=\"3\u00a0Minuten\" \/>\n<script type=\"application\/ld+json\" class=\"yoast-schema-graph\">{\"@context\":\"https:\\\/\\\/schema.org\",\"@graph\":[{\"@type\":\"Article\",\"@id\":\"https:\\\/\\\/www.landkreise.digital\\\/index.php\\\/2024\\\/08\\\/13\\\/2-smarter-kaffee\\\/#article\",\"isPartOf\":{\"@id\":\"https:\\\/\\\/www.landkreise.digital\\\/index.php\\\/2024\\\/08\\\/13\\\/2-smarter-kaffee\\\/\"},\"author\":{\"name\":\"Jil Nu\u00dfbaum\",\"@id\":\"https:\\\/\\\/www.landkreise.digital\\\/#\\\/schema\\\/person\\\/ab93f6b68cbe21c189d6ffaf94b56533\"},\"headline\":\"2. Smarter Kaffee\",\"datePublished\":\"2024-08-13T09:41:21+00:00\",\"mainEntityOfPage\":{\"@id\":\"https:\\\/\\\/www.landkreise.digital\\\/index.php\\\/2024\\\/08\\\/13\\\/2-smarter-kaffee\\\/\"},\"wordCount\":573,\"commentCount\":0,\"publisher\":{\"@id\":\"https:\\\/\\\/www.landkreise.digital\\\/#organization\"},\"image\":{\"@id\":\"https:\\\/\\\/www.landkreise.digital\\\/index.php\\\/2024\\\/08\\\/13\\\/2-smarter-kaffee\\\/#primaryimage\"},\"thumbnailUrl\":\"https:\\\/\\\/www.landkreise.digital\\\/wp-content\\\/uploads\\\/sites\\\/21\\\/2024\\\/07\\\/SmartCafe.png\",\"articleSection\":[\"Uncategorized\"],\"inLanguage\":\"de\",\"potentialAction\":[{\"@type\":\"CommentAction\",\"name\":\"Comment\",\"target\":[\"https:\\\/\\\/www.landkreise.digital\\\/index.php\\\/2024\\\/08\\\/13\\\/2-smarter-kaffee\\\/#respond\"]}]},{\"@type\":\"WebPage\",\"@id\":\"https:\\\/\\\/www.landkreise.digital\\\/index.php\\\/2024\\\/08\\\/13\\\/2-smarter-kaffee\\\/\",\"url\":\"https:\\\/\\\/www.landkreise.digital\\\/index.php\\\/2024\\\/08\\\/13\\\/2-smarter-kaffee\\\/\",\"name\":\"2. Smarter Kaffee - Projekt Smarte.Land.Regionen\",\"isPartOf\":{\"@id\":\"https:\\\/\\\/www.landkreise.digital\\\/#website\"},\"primaryImageOfPage\":{\"@id\":\"https:\\\/\\\/www.landkreise.digital\\\/index.php\\\/2024\\\/08\\\/13\\\/2-smarter-kaffee\\\/#primaryimage\"},\"image\":{\"@id\":\"https:\\\/\\\/www.landkreise.digital\\\/index.php\\\/2024\\\/08\\\/13\\\/2-smarter-kaffee\\\/#primaryimage\"},\"thumbnailUrl\":\"https:\\\/\\\/www.landkreise.digital\\\/wp-content\\\/uploads\\\/sites\\\/21\\\/2024\\\/07\\\/SmartCafe.png\",\"datePublished\":\"2024-08-13T09:41:21+00:00\",\"description\":\"Zum zweiten Mal hat sich die Smarte.Land.Regionen-Familie zum \u00bbSmarter Kaffee\u00ab-Austauschformat getroffen, um aktuelle Themen zu diskutieren.\",\"breadcrumb\":{\"@id\":\"https:\\\/\\\/www.landkreise.digital\\\/index.php\\\/2024\\\/08\\\/13\\\/2-smarter-kaffee\\\/#breadcrumb\"},\"inLanguage\":\"de\",\"potentialAction\":[{\"@type\":\"ReadAction\",\"target\":[\"https:\\\/\\\/www.landkreise.digital\\\/index.php\\\/2024\\\/08\\\/13\\\/2-smarter-kaffee\\\/\"]}]},{\"@type\":\"ImageObject\",\"inLanguage\":\"de\",\"@id\":\"https:\\\/\\\/www.landkreise.digital\\\/index.php\\\/2024\\\/08\\\/13\\\/2-smarter-kaffee\\\/#primaryimage\",\"url\":\"https:\\\/\\\/www.landkreise.digital\\\/wp-content\\\/uploads\\\/sites\\\/21\\\/2024\\\/07\\\/SmartCafe.png\",\"contentUrl\":\"https:\\\/\\\/www.landkreise.digital\\\/wp-content\\\/uploads\\\/sites\\\/21\\\/2024\\\/07\\\/SmartCafe.png\",\"width\":3761,\"height\":3016,\"caption\":\"Smarter Kaffee: Grafische Darstellung einer Videokonferenz auf einem Laptop. Neben dem Laptop steht ein Kaffee-Becher, auf dem das Smarte.Land.Regionen Logo abgebildet ist.\"},{\"@type\":\"BreadcrumbList\",\"@id\":\"https:\\\/\\\/www.landkreise.digital\\\/index.php\\\/2024\\\/08\\\/13\\\/2-smarter-kaffee\\\/#breadcrumb\",\"itemListElement\":[{\"@type\":\"ListItem\",\"position\":1,\"name\":\"Home\",\"item\":\"https:\\\/\\\/www.landkreise.digital\\\/\"},{\"@type\":\"ListItem\",\"position\":2,\"name\":\"2. Smarter Kaffee\"}]},{\"@type\":\"WebSite\",\"@id\":\"https:\\\/\\\/www.landkreise.digital\\\/#website\",\"url\":\"https:\\\/\\\/www.landkreise.digital\\\/\",\"name\":\"Projekt Smarte.Land.Regionen\",\"description\":\"Digitale L\u00f6sungen f\u00fcrs Land\",\"publisher\":{\"@id\":\"https:\\\/\\\/www.landkreise.digital\\\/#organization\"},\"potentialAction\":[{\"@type\":\"SearchAction\",\"target\":{\"@type\":\"EntryPoint\",\"urlTemplate\":\"https:\\\/\\\/www.landkreise.digital\\\/?s={search_term_string}\"},\"query-input\":{\"@type\":\"PropertyValueSpecification\",\"valueRequired\":true,\"valueName\":\"search_term_string\"}}],\"inLanguage\":\"de\"},{\"@type\":\"Organization\",\"@id\":\"https:\\\/\\\/www.landkreise.digital\\\/#organization\",\"name\":\"Projekt Smarte.Land.Regionen\",\"url\":\"https:\\\/\\\/www.landkreise.digital\\\/\",\"logo\":{\"@type\":\"ImageObject\",\"inLanguage\":\"de\",\"@id\":\"https:\\\/\\\/www.landkreise.digital\\\/#\\\/schema\\\/logo\\\/image\\\/\",\"url\":\"https:\\\/\\\/www.landkreise.digital\\\/wp-content\\\/uploads\\\/sites\\\/21\\\/2023\\\/02\\\/Landschaftsbild.jpg\",\"contentUrl\":\"https:\\\/\\\/www.landkreise.digital\\\/wp-content\\\/uploads\\\/sites\\\/21\\\/2023\\\/02\\\/Landschaftsbild.jpg\",\"width\":2000,\"height\":1333,\"caption\":\"Projekt Smarte.Land.Regionen\"},\"image\":{\"@id\":\"https:\\\/\\\/www.landkreise.digital\\\/#\\\/schema\\\/logo\\\/image\\\/\"},\"sameAs\":[\"https:\\\/\\\/www.facebook.com\\\/SLRegionen\",\"https:\\\/\\\/x.com\\\/SLRegionen\",\"https:\\\/\\\/www.linkedin.com\\\/in\\\/smarte-land-regionen\\\/\"]},{\"@type\":\"Person\",\"@id\":\"https:\\\/\\\/www.landkreise.digital\\\/#\\\/schema\\\/person\\\/ab93f6b68cbe21c189d6ffaf94b56533\",\"name\":\"Jil Nu\u00dfbaum\",\"image\":{\"@type\":\"ImageObject\",\"inLanguage\":\"de\",\"@id\":\"https:\\\/\\\/secure.gravatar.com\\\/avatar\\\/9984c554ef26952e6223e737283a824175e23f0db145298060f39eb6bde51712?s=96&d=mm&r=g\",\"url\":\"https:\\\/\\\/secure.gravatar.com\\\/avatar\\\/9984c554ef26952e6223e737283a824175e23f0db145298060f39eb6bde51712?s=96&d=mm&r=g\",\"contentUrl\":\"https:\\\/\\\/secure.gravatar.com\\\/avatar\\\/9984c554ef26952e6223e737283a824175e23f0db145298060f39eb6bde51712?s=96&d=mm&r=g\",\"caption\":\"Jil Nu\u00dfbaum\"},\"url\":\"https:\\\/\\\/www.landkreise.digital\\\/index.php\\\/author\\\/nussbaum\\\/\"}]}<\/script>\n<!-- \/ Yoast SEO plugin. -->","yoast_head_json":{"title":"2. Smarter Kaffee - Projekt Smarte.Land.Regionen","description":"Zum zweiten Mal hat sich die Smarte.Land.Regionen-Familie zum \u00bbSmarter Kaffee\u00ab-Austauschformat getroffen, um aktuelle Themen zu diskutieren.","robots":{"index":"index","follow":"follow","max-snippet":"max-snippet:-1","max-image-preview":"max-image-preview:large","max-video-preview":"max-video-preview:-1"},"canonical":"https:\/\/www.landkreise.digital\/index.php\/2024\/08\/13\/2-smarter-kaffee\/","og_locale":"de_DE","og_type":"article","og_title":"2. Smarter Kaffee - Projekt Smarte.Land.Regionen","og_description":"Zum zweiten Mal hat sich die Smarte.Land.Regionen-Familie zum \u00bbSmarter Kaffee\u00ab-Austauschformat getroffen, um aktuelle Themen zu diskutieren.","og_url":"https:\/\/www.landkreise.digital\/index.php\/2024\/08\/13\/2-smarter-kaffee\/","og_site_name":"Projekt Smarte.Land.Regionen","article_publisher":"https:\/\/www.facebook.com\/SLRegionen","article_published_time":"2024-08-13T09:41:21+00:00","og_image":[{"width":3761,"height":3016,"url":"https:\/\/www.landkreise.digital\/wp-content\/uploads\/sites\/21\/2024\/07\/SmartCafe.png","type":"image\/png"}],"author":"Jil Nu\u00dfbaum","twitter_card":"summary_large_image","twitter_creator":"@SLRegionen","twitter_site":"@SLRegionen","twitter_misc":{"Verfasst von":"Jil Nu\u00dfbaum","Gesch\u00e4tzte Lesezeit":"3\u00a0Minuten"},"schema":{"@context":"https:\/\/schema.org","@graph":[{"@type":"Article","@id":"https:\/\/www.landkreise.digital\/index.php\/2024\/08\/13\/2-smarter-kaffee\/#article","isPartOf":{"@id":"https:\/\/www.landkreise.digital\/index.php\/2024\/08\/13\/2-smarter-kaffee\/"},"author":{"name":"Jil Nu\u00dfbaum","@id":"https:\/\/www.landkreise.digital\/#\/schema\/person\/ab93f6b68cbe21c189d6ffaf94b56533"},"headline":"2. Smarter Kaffee","datePublished":"2024-08-13T09:41:21+00:00","mainEntityOfPage":{"@id":"https:\/\/www.landkreise.digital\/index.php\/2024\/08\/13\/2-smarter-kaffee\/"},"wordCount":573,"commentCount":0,"publisher":{"@id":"https:\/\/www.landkreise.digital\/#organization"},"image":{"@id":"https:\/\/www.landkreise.digital\/index.php\/2024\/08\/13\/2-smarter-kaffee\/#primaryimage"},"thumbnailUrl":"https:\/\/www.landkreise.digital\/wp-content\/uploads\/sites\/21\/2024\/07\/SmartCafe.png","articleSection":["Uncategorized"],"inLanguage":"de","potentialAction":[{"@type":"CommentAction","name":"Comment","target":["https:\/\/www.landkreise.digital\/index.php\/2024\/08\/13\/2-smarter-kaffee\/#respond"]}]},{"@type":"WebPage","@id":"https:\/\/www.landkreise.digital\/index.php\/2024\/08\/13\/2-smarter-kaffee\/","url":"https:\/\/www.landkreise.digital\/index.php\/2024\/08\/13\/2-smarter-kaffee\/","name":"2. Smarter Kaffee - Projekt Smarte.Land.Regionen","isPartOf":{"@id":"https:\/\/www.landkreise.digital\/#website"},"primaryImageOfPage":{"@id":"https:\/\/www.landkreise.digital\/index.php\/2024\/08\/13\/2-smarter-kaffee\/#primaryimage"},"image":{"@id":"https:\/\/www.landkreise.digital\/index.php\/2024\/08\/13\/2-smarter-kaffee\/#primaryimage"},"thumbnailUrl":"https:\/\/www.landkreise.digital\/wp-content\/uploads\/sites\/21\/2024\/07\/SmartCafe.png","datePublished":"2024-08-13T09:41:21+00:00","description":"Zum zweiten Mal hat sich die Smarte.Land.Regionen-Familie zum \u00bbSmarter Kaffee\u00ab-Austauschformat getroffen, um aktuelle Themen zu diskutieren.","breadcrumb":{"@id":"https:\/\/www.landkreise.digital\/index.php\/2024\/08\/13\/2-smarter-kaffee\/#breadcrumb"},"inLanguage":"de","potentialAction":[{"@type":"ReadAction","target":["https:\/\/www.landkreise.digital\/index.php\/2024\/08\/13\/2-smarter-kaffee\/"]}]},{"@type":"ImageObject","inLanguage":"de","@id":"https:\/\/www.landkreise.digital\/index.php\/2024\/08\/13\/2-smarter-kaffee\/#primaryimage","url":"https:\/\/www.landkreise.digital\/wp-content\/uploads\/sites\/21\/2024\/07\/SmartCafe.png","contentUrl":"https:\/\/www.landkreise.digital\/wp-content\/uploads\/sites\/21\/2024\/07\/SmartCafe.png","width":3761,"height":3016,"caption":"Smarter Kaffee: Grafische Darstellung einer Videokonferenz auf einem Laptop. Neben dem Laptop steht ein Kaffee-Becher, auf dem das Smarte.Land.Regionen Logo abgebildet ist."},{"@type":"BreadcrumbList","@id":"https:\/\/www.landkreise.digital\/index.php\/2024\/08\/13\/2-smarter-kaffee\/#breadcrumb","itemListElement":[{"@type":"ListItem","position":1,"name":"Home","item":"https:\/\/www.landkreise.digital\/"},{"@type":"ListItem","position":2,"name":"2. Smarter Kaffee"}]},{"@type":"WebSite","@id":"https:\/\/www.landkreise.digital\/#website","url":"https:\/\/www.landkreise.digital\/","name":"Projekt Smarte.Land.Regionen","description":"Digitale L\u00f6sungen f\u00fcrs Land","publisher":{"@id":"https:\/\/www.landkreise.digital\/#organization"},"potentialAction":[{"@type":"SearchAction","target":{"@type":"EntryPoint","urlTemplate":"https:\/\/www.landkreise.digital\/?s={search_term_string}"},"query-input":{"@type":"PropertyValueSpecification","valueRequired":true,"valueName":"search_term_string"}}],"inLanguage":"de"},{"@type":"Organization","@id":"https:\/\/www.landkreise.digital\/#organization","name":"Projekt Smarte.Land.Regionen","url":"https:\/\/www.landkreise.digital\/","logo":{"@type":"ImageObject","inLanguage":"de","@id":"https:\/\/www.landkreise.digital\/#\/schema\/logo\/image\/","url":"https:\/\/www.landkreise.digital\/wp-content\/uploads\/sites\/21\/2023\/02\/Landschaftsbild.jpg","contentUrl":"https:\/\/www.landkreise.digital\/wp-content\/uploads\/sites\/21\/2023\/02\/Landschaftsbild.jpg","width":2000,"height":1333,"caption":"Projekt Smarte.Land.Regionen"},"image":{"@id":"https:\/\/www.landkreise.digital\/#\/schema\/logo\/image\/"},"sameAs":["https:\/\/www.facebook.com\/SLRegionen","https:\/\/x.com\/SLRegionen","https:\/\/www.linkedin.com\/in\/smarte-land-regionen\/"]},{"@type":"Person","@id":"https:\/\/www.landkreise.digital\/#\/schema\/person\/ab93f6b68cbe21c189d6ffaf94b56533","name":"Jil Nu\u00dfbaum","image":{"@type":"ImageObject","inLanguage":"de","@id":"https:\/\/secure.gravatar.com\/avatar\/9984c554ef26952e6223e737283a824175e23f0db145298060f39eb6bde51712?s=96&d=mm&r=g","url":"https:\/\/secure.gravatar.com\/avatar\/9984c554ef26952e6223e737283a824175e23f0db145298060f39eb6bde51712?s=96&d=mm&r=g","contentUrl":"https:\/\/secure.gravatar.com\/avatar\/9984c554ef26952e6223e737283a824175e23f0db145298060f39eb6bde51712?s=96&d=mm&r=g","caption":"Jil Nu\u00dfbaum"},"url":"https:\/\/www.landkreise.digital\/index.php\/author\/nussbaum\/"}]}},"_links":{"self":[{"href":"https:\/\/www.landkreise.digital\/index.php\/wp-json\/wp\/v2\/posts\/6212","targetHints":{"allow":["GET"]}}],"collection":[{"href":"https:\/\/www.landkreise.digital\/index.php\/wp-json\/wp\/v2\/posts"}],"about":[{"href":"https:\/\/www.landkreise.digital\/index.php\/wp-json\/wp\/v2\/types\/post"}],"author":[{"embeddable":true,"href":"https:\/\/www.landkreise.digital\/index.php\/wp-json\/wp\/v2\/users\/195"}],"replies":[{"embeddable":true,"href":"https:\/\/www.landkreise.digital\/index.php\/wp-json\/wp\/v2\/comments?post=6212"}],"version-history":[{"count":9,"href":"https:\/\/www.landkreise.digital\/index.php\/wp-json\/wp\/v2\/posts\/6212\/revisions"}],"predecessor-version":[{"id":6221,"href":"https:\/\/www.landkreise.digital\/index.php\/wp-json\/wp\/v2\/posts\/6212\/revisions\/6221"}],"wp:featuredmedia":[{"embeddable":true,"href":"https:\/\/www.landkreise.digital\/index.php\/wp-json\/wp\/v2\/media\/6071"}],"wp:attachment":[{"href":"https:\/\/www.landkreise.digital\/index.php\/wp-json\/wp\/v2\/media?parent=6212"}],"wp:term":[{"taxonomy":"category","embeddable":true,"href":"https:\/\/www.landkreise.digital\/index.php\/wp-json\/wp\/v2\/categories?post=6212"},{"taxonomy":"post_tag","embeddable":true,"href":"https:\/\/www.landkreise.digital\/index.php\/wp-json\/wp\/v2\/tags?post=6212"}],"curies":[{"name":"wp","href":"https:\/\/api.w.org\/{rel}","templated":true}]}}