{"id":6139,"date":"2024-07-24T09:47:09","date_gmt":"2024-07-24T07:47:09","guid":{"rendered":"https:\/\/www.landkreise.digital\/?p=6139"},"modified":"2024-07-24T09:52:00","modified_gmt":"2024-07-24T07:52:00","slug":"stufenplan","status":"publish","type":"post","link":"https:\/\/www.landkreise.digital\/index.php\/2024\/07\/24\/stufenplan\/","title":{"rendered":"Unser Marktplatz im Stufenplan \u00bbSmarte St\u00e4dte und Regionen\u00ab"},"content":{"rendered":"<h4>Der Stufenplan \u00bbSmarte St\u00e4dte und Regionen\u00ab der Bundesregierung und unser Marktplatz<\/h4>\n<p><strong><img decoding=\"async\" class=\"lazyload aligncenter wp-image-6147 size-full\" src=\"https:\/\/www.landkreise.digital\/wp-content\/uploads\/sites\/21\/2024\/07\/Marktplatz-Mockup.jpg\" data-orig-src=\"https:\/\/www.landkreise.digital\/wp-content\/uploads\/sites\/21\/2024\/07\/Marktplatz-Mockup.jpg\" alt=\"Marktplatz im Stufenplan Smarte St\u00e4dte und Regionen\" width=\"1451\" height=\"826\" srcset=\"data:image\/svg+xml,%3Csvg%20xmlns%3D%27http%3A%2F%2Fwww.w3.org%2F2000%2Fsvg%27%20width%3D%271451%27%20height%3D%27826%27%20viewBox%3D%270%200%201451%20826%27%3E%3Crect%20width%3D%271451%27%20height%3D%27826%27%20fill-opacity%3D%220%22%2F%3E%3C%2Fsvg%3E\" data-srcset=\"https:\/\/www.landkreise.digital\/wp-content\/uploads\/sites\/21\/2024\/07\/Marktplatz-Mockup-200x114.jpg 200w, https:\/\/www.landkreise.digital\/wp-content\/uploads\/sites\/21\/2024\/07\/Marktplatz-Mockup-300x171.jpg 300w, https:\/\/www.landkreise.digital\/wp-content\/uploads\/sites\/21\/2024\/07\/Marktplatz-Mockup-400x228.jpg 400w, https:\/\/www.landkreise.digital\/wp-content\/uploads\/sites\/21\/2024\/07\/Marktplatz-Mockup-600x342.jpg 600w, https:\/\/www.landkreise.digital\/wp-content\/uploads\/sites\/21\/2024\/07\/Marktplatz-Mockup-768x437.jpg 768w, https:\/\/www.landkreise.digital\/wp-content\/uploads\/sites\/21\/2024\/07\/Marktplatz-Mockup-800x455.jpg 800w, https:\/\/www.landkreise.digital\/wp-content\/uploads\/sites\/21\/2024\/07\/Marktplatz-Mockup-1024x583.jpg 1024w, https:\/\/www.landkreise.digital\/wp-content\/uploads\/sites\/21\/2024\/07\/Marktplatz-Mockup-1200x683.jpg 1200w, https:\/\/www.landkreise.digital\/wp-content\/uploads\/sites\/21\/2024\/07\/Marktplatz-Mockup.jpg 1451w\" data-sizes=\"auto\" data-orig-sizes=\"(max-width: 1451px) 100vw, 1451px\" \/><\/strong><\/p>\n<p><strong>In einer zunehmend digitalen Welt stehen St\u00e4dte und l\u00e4ndliche Regionen vor der Herausforderung, innovative und nachhaltige L\u00f6sungen zu entwickeln, um die Daseinsvorsorge zu verbessern. In unserem Forschungsprojekt Smarte.Land.Regionen, das vom Bundesministerium f\u00fcr Ern\u00e4hrung und Landwirtschaft gef\u00f6rdert wird, konnten wir mit Hilfe digitaler L\u00f6sungen erproben, wie die Daseinsvorsorge in l\u00e4ndlichen Regionen verbessert werden kann.<\/strong><\/p>\n<p>Im Rahmen des <a href=\"https:\/\/www.landkreise.digital\/index.php\/forschungsprojekt\/\">Forschungsprojekts Smarte.Land.Regionen<\/a> ist ein <a href=\"https:\/\/marktplatz.landkreise.digital\/\">Marktplatz<\/a> entstanden, der die zentrale Plattform im Projekt darstellt. Mit dem Marktplatz soll ein zentrales Problem von Kommunen adressiert werden, n\u00e4mlich die Beschaffung digitaler L\u00f6sungen f\u00fcr Daseinsvorsorge, die zum kommunalen Anwendungsfall passen. Dar\u00fcber hinaus m\u00fcssen aus kommunaler Sicht auch verschiedene andere Qualit\u00e4tskriterien an Software erf\u00fcllt sein, einige verpflichtend (z. B. Datenschutz) und einige optional (z. B. Schnittstellen). Eine transparente Aufarbeitung dieser Informationen bietet unser Marktplatz.<\/p>\n<p>Damit bietet der Marktplatz einen wichtigen Service: Er unterst\u00fctzt die Beschaffung und letztendlich auch die Anwendung von digitalen Leistungen, ohne dass bei den Mitarbeitenden in den Kommunen eigene IT-Kenntnisse vorausgesetzt werden. Im Mittelpunkt des Marktplatzes steht somit die Vermittlung von digitalen L\u00f6sungen und Beratungsangeboten zur Daseinsvorsorge sowie die zentrale Kontaktaufnahme zwischen Kommunen und L\u00f6sungsanbietern und Beratern. Der Marktplatz erm\u00f6glicht einen objektiven Vergleich zwischen verschiedenen L\u00f6sungen. Dazu pr\u00fcft das Fraunhofer IESE als neutraler Betreiber w\u00e4hrend des Forschungsprojekts die digitalen L\u00f6sungen anhand verschiedener <a href=\"https:\/\/www.deutschlanddigital.org\/index.php\/faqs\/#8d479102867182936\">Kriterien<\/a>. Auf diesem Weg unterst\u00fctzt der Marktplatz bei der Durchf\u00fchrung des Vergabeverfahrens und beim Betrieb der entsprechenden L\u00f6sungen.<\/p>\n<p>Der beschriebene Marktplatz ist nun auch Teil des <a href=\"https:\/\/www.bmwsb.bund.de\/SharedDocs\/downloads\/Webs\/BMWSB\/DE\/veroeffentlichungen\/pm-kurzmeldung\/smart-cities-Stufenplan.pdf?__blob=publicationFile&amp;v=3\">Stufenplans<\/a> \u00bbSmarte St\u00e4dte und Regionen\u00ab, den das Bundesministerium f\u00fcr Wohnen, Stadtentwicklung und Bauwesen (BMWSB) Mitte Juni vorgestellt hat. F\u00fcr den Auswahlprozess hatte der Beirat, in dem auch das BMEL Mitglied war, acht Marktpl\u00e4tze verglichen. Die Wahl fiel auf die Nutzung und Weiterentwicklung unseres Marktplatzes DEUTSCHLAND.DIGITAL. Der Stufenplan \u00bbSmarte St\u00e4dte und Regionen\u00ab der Bundesregierung ist eine umfassende Strategie zur Digitalisierung und Modernisierung deutscher St\u00e4dte und Regionen. Ziel des Stufenplans ist es, einen handlungsorientierten Rahmen zu schaffen, der es allen Kommunen erm\u00f6glicht, unabh\u00e4ngig von ihren Voraussetzungen digitale L\u00f6sungen zu implementieren. Der Stufenplan sieht vier Schritte vor:<\/p>\n<ul>\n<li><strong>Stufe 1:<\/strong> Die erste Stufe fokussiert auf den Auf- und Ausbau digitaler Kompetenzen durch ein Kompetenzzentrum. Das Zentrum soll Kommunen beraten und unterst\u00fctzen, den Zugang zu digitalen Ressourcen erleichtern sowie Wissen breit zur Verf\u00fcgung stellen.<\/li>\n<li><strong>Stufe 2:<\/strong> In der zweiten Stufe wird ein digitaler Marktplatz vorgeschlagen (<a href=\"https:\/\/marktplatz.landkreise.digital\/\">Marktplatz Smarte.Land.Regionen<\/a>), der als zentrale Plattform fungiert, um Kommunen den Zugang zu geeigneten digitalen Tools zu erleichtern.<\/li>\n<li><strong>Stufe 3:<\/strong> Diese Stufe fokussiert sich auf die Ausweitung interkommunaler Kooperationen und die gemeinsame Nutzung digitaler Infrastrukturen und L\u00f6sungen. Dadurch sollen Skaleneffekte realisiert und Ressourcen effizienter genutzt werden.<\/li>\n<li><strong>Stufe 4:<\/strong> Die letzte Stufe zielt darauf ab, digitale L\u00f6sungen als festen Bestandteil der Daseinsvorsorge zu etablieren, dadurch die Lebensqualit\u00e4t zu verbessern und gleichwertige Lebensverh\u00e4ltnisse zu f\u00f6rdern.<\/li>\n<\/ul>\n<p>Durch das Kompetenzzentrum und den Marktplatz bekommen Kommunen gezielte Unterst\u00fctzung f\u00fcr den Auf- und Ausbau bundesweiter Kooperationen. Die bisherigen Erkenntnisse aus dem Projekt Smarte.Land.Regionen sowie die im Zuge des Stufenplans gesammelten Erfahrungen sollen genutzt werden, um in die Weiterentwicklung unseres Marktplatzes einzuflie\u00dfen.<\/p>\n<p>In den kommenden zwei Jahren soll der Marktplatz an Funktionsumfang noch weiter zunehmen und mit der Expertise aus BMEL, BMWSB und weiteren Expertinnen und Experten zu einem etablierten Instrument der digitalen Transformation in Kommunen entwickelt werden.<\/p>\n<h5>Fazit<\/h5>\n<p>Der Stufenplan \u00bbSmarte St\u00e4dte und Regionen\u00ab der Bundesregierung und das Projekt Smarte.Land.Regionen stellen wesentliche Bausteine f\u00fcr die digitale Transformation Deutschlands dar. Sie bieten St\u00e4dten und l\u00e4ndlichen Regionen die M\u00f6glichkeit, durch den Einsatz moderner Technologien nachhaltiger, lebenswerter und zukunftsf\u00e4higer zu werden.<\/p>\n<p>Wir freuen uns, dass sich der Beirat des Stufenplans f\u00fcr unseren Marktplatz entschieden hat und sind gespannt auf die weitere Zusammenarbeit. Wir m\u00f6chten gemeinsam die digitale Transformation Deutschlands vorantreiben und den Kommunen die M\u00f6glichkeit geben, mithilfe digitaler L\u00f6sungen und Beratungen ihre Regionen lebenswerter zu gestalten.<\/p>\n","protected":false},"excerpt":{"rendered":"<p>Im Rahmen des Forschungsprojekts Smarte.Land.Regionen entstand ein Marktplatz. Dieser ist nun Teil des Stufenplans  \u00bbSmarte St\u00e4dte und Regionen\u00ab der Bundesregierung &#8211; einer umfassende Strategie zur Digitalisierung und Modernisierung deutscher St\u00e4dte und Regionen.<\/p>\n","protected":false},"author":190,"featured_media":6147,"comment_status":"open","ping_status":"open","sticky":false,"template":"","format":"standard","meta":{"footnotes":""},"categories":[1],"tags":[],"class_list":["post-6139","post","type-post","status-publish","format-standard","has-post-thumbnail","hentry","category-uncategorized"],"yoast_head":"<!-- This site is optimized with the Yoast SEO plugin v27.5 - https:\/\/yoast.com\/product\/yoast-seo-wordpress\/ -->\n<title>Stufenplan \u00bbSmarte St\u00e4dte und Regionen\u00ab - Projekt Smarte.Land.Regionen<\/title>\n<meta name=\"description\" content=\"Unser Marktplatz ist Teil des Stufenplan \u00bbSmarte St\u00e4dte und Regionen\u00ab der Bundesregierung zur Verbesserung der Daseinsvorsorge.\" \/>\n<meta name=\"robots\" content=\"index, follow, max-snippet:-1, max-image-preview:large, max-video-preview:-1\" \/>\n<link rel=\"canonical\" href=\"https:\/\/www.landkreise.digital\/index.php\/2024\/07\/24\/stufenplan\/\" \/>\n<meta property=\"og:locale\" content=\"de_DE\" \/>\n<meta property=\"og:type\" content=\"article\" \/>\n<meta property=\"og:title\" content=\"Stufenplan \u00bbSmarte St\u00e4dte und Regionen\u00ab - Projekt Smarte.Land.Regionen\" \/>\n<meta property=\"og:description\" content=\"Unser Marktplatz ist Teil des Stufenplan \u00bbSmarte St\u00e4dte und Regionen\u00ab der Bundesregierung zur Verbesserung der Daseinsvorsorge.\" \/>\n<meta property=\"og:url\" content=\"https:\/\/www.landkreise.digital\/index.php\/2024\/07\/24\/stufenplan\/\" \/>\n<meta property=\"og:site_name\" content=\"Projekt Smarte.Land.Regionen\" \/>\n<meta property=\"article:publisher\" content=\"https:\/\/www.facebook.com\/SLRegionen\" \/>\n<meta property=\"article:published_time\" content=\"2024-07-24T07:47:09+00:00\" \/>\n<meta property=\"article:modified_time\" content=\"2024-07-24T07:52:00+00:00\" \/>\n<meta property=\"og:image\" content=\"https:\/\/www.landkreise.digital\/wp-content\/uploads\/sites\/21\/2024\/07\/Marktplatz-Mockup.jpg\" \/>\n\t<meta property=\"og:image:width\" content=\"1451\" \/>\n\t<meta property=\"og:image:height\" content=\"826\" \/>\n\t<meta property=\"og:image:type\" content=\"image\/jpeg\" \/>\n<meta name=\"author\" content=\"Annika Sema\" \/>\n<meta name=\"twitter:card\" content=\"summary_large_image\" \/>\n<meta name=\"twitter:creator\" content=\"@SLRegionen\" \/>\n<meta name=\"twitter:site\" content=\"@SLRegionen\" \/>\n<meta name=\"twitter:label1\" content=\"Verfasst von\" \/>\n\t<meta name=\"twitter:data1\" content=\"Annika Sema\" \/>\n\t<meta name=\"twitter:label2\" content=\"Gesch\u00e4tzte Lesezeit\" \/>\n\t<meta name=\"twitter:data2\" content=\"4\u00a0Minuten\" \/>\n<script type=\"application\/ld+json\" class=\"yoast-schema-graph\">{\"@context\":\"https:\\\/\\\/schema.org\",\"@graph\":[{\"@type\":\"Article\",\"@id\":\"https:\\\/\\\/www.landkreise.digital\\\/index.php\\\/2024\\\/07\\\/24\\\/stufenplan\\\/#article\",\"isPartOf\":{\"@id\":\"https:\\\/\\\/www.landkreise.digital\\\/index.php\\\/2024\\\/07\\\/24\\\/stufenplan\\\/\"},\"author\":{\"name\":\"Annika Sema\",\"@id\":\"https:\\\/\\\/www.landkreise.digital\\\/#\\\/schema\\\/person\\\/e51d50a41032f26e524af9aa49f2d058\"},\"headline\":\"Unser Marktplatz im Stufenplan \u00bbSmarte St\u00e4dte und Regionen\u00ab\",\"datePublished\":\"2024-07-24T07:47:09+00:00\",\"dateModified\":\"2024-07-24T07:52:00+00:00\",\"mainEntityOfPage\":{\"@id\":\"https:\\\/\\\/www.landkreise.digital\\\/index.php\\\/2024\\\/07\\\/24\\\/stufenplan\\\/\"},\"wordCount\":691,\"commentCount\":0,\"publisher\":{\"@id\":\"https:\\\/\\\/www.landkreise.digital\\\/#organization\"},\"image\":{\"@id\":\"https:\\\/\\\/www.landkreise.digital\\\/index.php\\\/2024\\\/07\\\/24\\\/stufenplan\\\/#primaryimage\"},\"thumbnailUrl\":\"https:\\\/\\\/www.landkreise.digital\\\/wp-content\\\/uploads\\\/sites\\\/21\\\/2024\\\/07\\\/Marktplatz-Mockup.jpg\",\"articleSection\":[\"Uncategorized\"],\"inLanguage\":\"de\",\"potentialAction\":[{\"@type\":\"CommentAction\",\"name\":\"Comment\",\"target\":[\"https:\\\/\\\/www.landkreise.digital\\\/index.php\\\/2024\\\/07\\\/24\\\/stufenplan\\\/#respond\"]}]},{\"@type\":\"WebPage\",\"@id\":\"https:\\\/\\\/www.landkreise.digital\\\/index.php\\\/2024\\\/07\\\/24\\\/stufenplan\\\/\",\"url\":\"https:\\\/\\\/www.landkreise.digital\\\/index.php\\\/2024\\\/07\\\/24\\\/stufenplan\\\/\",\"name\":\"Stufenplan \u00bbSmarte St\u00e4dte und Regionen\u00ab - Projekt Smarte.Land.Regionen\",\"isPartOf\":{\"@id\":\"https:\\\/\\\/www.landkreise.digital\\\/#website\"},\"primaryImageOfPage\":{\"@id\":\"https:\\\/\\\/www.landkreise.digital\\\/index.php\\\/2024\\\/07\\\/24\\\/stufenplan\\\/#primaryimage\"},\"image\":{\"@id\":\"https:\\\/\\\/www.landkreise.digital\\\/index.php\\\/2024\\\/07\\\/24\\\/stufenplan\\\/#primaryimage\"},\"thumbnailUrl\":\"https:\\\/\\\/www.landkreise.digital\\\/wp-content\\\/uploads\\\/sites\\\/21\\\/2024\\\/07\\\/Marktplatz-Mockup.jpg\",\"datePublished\":\"2024-07-24T07:47:09+00:00\",\"dateModified\":\"2024-07-24T07:52:00+00:00\",\"description\":\"Unser Marktplatz ist Teil des Stufenplan \u00bbSmarte St\u00e4dte und Regionen\u00ab der Bundesregierung zur Verbesserung der Daseinsvorsorge.\",\"breadcrumb\":{\"@id\":\"https:\\\/\\\/www.landkreise.digital\\\/index.php\\\/2024\\\/07\\\/24\\\/stufenplan\\\/#breadcrumb\"},\"inLanguage\":\"de\",\"potentialAction\":[{\"@type\":\"ReadAction\",\"target\":[\"https:\\\/\\\/www.landkreise.digital\\\/index.php\\\/2024\\\/07\\\/24\\\/stufenplan\\\/\"]}]},{\"@type\":\"ImageObject\",\"inLanguage\":\"de\",\"@id\":\"https:\\\/\\\/www.landkreise.digital\\\/index.php\\\/2024\\\/07\\\/24\\\/stufenplan\\\/#primaryimage\",\"url\":\"https:\\\/\\\/www.landkreise.digital\\\/wp-content\\\/uploads\\\/sites\\\/21\\\/2024\\\/07\\\/Marktplatz-Mockup.jpg\",\"contentUrl\":\"https:\\\/\\\/www.landkreise.digital\\\/wp-content\\\/uploads\\\/sites\\\/21\\\/2024\\\/07\\\/Marktplatz-Mockup.jpg\",\"width\":1451,\"height\":826,\"caption\":\"Marktplatz im Stufenplan Smarte St\u00e4dte und Regionen\"},{\"@type\":\"BreadcrumbList\",\"@id\":\"https:\\\/\\\/www.landkreise.digital\\\/index.php\\\/2024\\\/07\\\/24\\\/stufenplan\\\/#breadcrumb\",\"itemListElement\":[{\"@type\":\"ListItem\",\"position\":1,\"name\":\"Home\",\"item\":\"https:\\\/\\\/www.landkreise.digital\\\/\"},{\"@type\":\"ListItem\",\"position\":2,\"name\":\"Unser Marktplatz im Stufenplan \u00bbSmarte St\u00e4dte und Regionen\u00ab\"}]},{\"@type\":\"WebSite\",\"@id\":\"https:\\\/\\\/www.landkreise.digital\\\/#website\",\"url\":\"https:\\\/\\\/www.landkreise.digital\\\/\",\"name\":\"Projekt Smarte.Land.Regionen\",\"description\":\"Digitale L\u00f6sungen f\u00fcrs Land\",\"publisher\":{\"@id\":\"https:\\\/\\\/www.landkreise.digital\\\/#organization\"},\"potentialAction\":[{\"@type\":\"SearchAction\",\"target\":{\"@type\":\"EntryPoint\",\"urlTemplate\":\"https:\\\/\\\/www.landkreise.digital\\\/?s={search_term_string}\"},\"query-input\":{\"@type\":\"PropertyValueSpecification\",\"valueRequired\":true,\"valueName\":\"search_term_string\"}}],\"inLanguage\":\"de\"},{\"@type\":\"Organization\",\"@id\":\"https:\\\/\\\/www.landkreise.digital\\\/#organization\",\"name\":\"Projekt Smarte.Land.Regionen\",\"url\":\"https:\\\/\\\/www.landkreise.digital\\\/\",\"logo\":{\"@type\":\"ImageObject\",\"inLanguage\":\"de\",\"@id\":\"https:\\\/\\\/www.landkreise.digital\\\/#\\\/schema\\\/logo\\\/image\\\/\",\"url\":\"https:\\\/\\\/www.landkreise.digital\\\/wp-content\\\/uploads\\\/sites\\\/21\\\/2023\\\/02\\\/Landschaftsbild.jpg\",\"contentUrl\":\"https:\\\/\\\/www.landkreise.digital\\\/wp-content\\\/uploads\\\/sites\\\/21\\\/2023\\\/02\\\/Landschaftsbild.jpg\",\"width\":2000,\"height\":1333,\"caption\":\"Projekt Smarte.Land.Regionen\"},\"image\":{\"@id\":\"https:\\\/\\\/www.landkreise.digital\\\/#\\\/schema\\\/logo\\\/image\\\/\"},\"sameAs\":[\"https:\\\/\\\/www.facebook.com\\\/SLRegionen\",\"https:\\\/\\\/x.com\\\/SLRegionen\",\"https:\\\/\\\/www.linkedin.com\\\/in\\\/smarte-land-regionen\\\/\"]},{\"@type\":\"Person\",\"@id\":\"https:\\\/\\\/www.landkreise.digital\\\/#\\\/schema\\\/person\\\/e51d50a41032f26e524af9aa49f2d058\",\"name\":\"Annika Sema\",\"image\":{\"@type\":\"ImageObject\",\"inLanguage\":\"de\",\"@id\":\"https:\\\/\\\/secure.gravatar.com\\\/avatar\\\/bd3f082fc8d8c85cd9124458035ada50c4448c993c3c6acaf8c8f5c82c3ffd38?s=96&d=mm&r=g\",\"url\":\"https:\\\/\\\/secure.gravatar.com\\\/avatar\\\/bd3f082fc8d8c85cd9124458035ada50c4448c993c3c6acaf8c8f5c82c3ffd38?s=96&d=mm&r=g\",\"contentUrl\":\"https:\\\/\\\/secure.gravatar.com\\\/avatar\\\/bd3f082fc8d8c85cd9124458035ada50c4448c993c3c6acaf8c8f5c82c3ffd38?s=96&d=mm&r=g\",\"caption\":\"Annika Sema\"},\"url\":\"https:\\\/\\\/www.landkreise.digital\\\/index.php\\\/author\\\/sema\\\/\"}]}<\/script>\n<!-- \/ Yoast SEO plugin. -->","yoast_head_json":{"title":"Stufenplan \u00bbSmarte St\u00e4dte und Regionen\u00ab - Projekt Smarte.Land.Regionen","description":"Unser Marktplatz ist Teil des Stufenplan \u00bbSmarte St\u00e4dte und Regionen\u00ab der Bundesregierung zur Verbesserung der Daseinsvorsorge.","robots":{"index":"index","follow":"follow","max-snippet":"max-snippet:-1","max-image-preview":"max-image-preview:large","max-video-preview":"max-video-preview:-1"},"canonical":"https:\/\/www.landkreise.digital\/index.php\/2024\/07\/24\/stufenplan\/","og_locale":"de_DE","og_type":"article","og_title":"Stufenplan \u00bbSmarte St\u00e4dte und Regionen\u00ab - Projekt Smarte.Land.Regionen","og_description":"Unser Marktplatz ist Teil des Stufenplan \u00bbSmarte St\u00e4dte und Regionen\u00ab der Bundesregierung zur Verbesserung der Daseinsvorsorge.","og_url":"https:\/\/www.landkreise.digital\/index.php\/2024\/07\/24\/stufenplan\/","og_site_name":"Projekt Smarte.Land.Regionen","article_publisher":"https:\/\/www.facebook.com\/SLRegionen","article_published_time":"2024-07-24T07:47:09+00:00","article_modified_time":"2024-07-24T07:52:00+00:00","og_image":[{"width":1451,"height":826,"url":"https:\/\/www.landkreise.digital\/wp-content\/uploads\/sites\/21\/2024\/07\/Marktplatz-Mockup.jpg","type":"image\/jpeg"}],"author":"Annika Sema","twitter_card":"summary_large_image","twitter_creator":"@SLRegionen","twitter_site":"@SLRegionen","twitter_misc":{"Verfasst von":"Annika Sema","Gesch\u00e4tzte Lesezeit":"4\u00a0Minuten"},"schema":{"@context":"https:\/\/schema.org","@graph":[{"@type":"Article","@id":"https:\/\/www.landkreise.digital\/index.php\/2024\/07\/24\/stufenplan\/#article","isPartOf":{"@id":"https:\/\/www.landkreise.digital\/index.php\/2024\/07\/24\/stufenplan\/"},"author":{"name":"Annika Sema","@id":"https:\/\/www.landkreise.digital\/#\/schema\/person\/e51d50a41032f26e524af9aa49f2d058"},"headline":"Unser Marktplatz im Stufenplan \u00bbSmarte St\u00e4dte und Regionen\u00ab","datePublished":"2024-07-24T07:47:09+00:00","dateModified":"2024-07-24T07:52:00+00:00","mainEntityOfPage":{"@id":"https:\/\/www.landkreise.digital\/index.php\/2024\/07\/24\/stufenplan\/"},"wordCount":691,"commentCount":0,"publisher":{"@id":"https:\/\/www.landkreise.digital\/#organization"},"image":{"@id":"https:\/\/www.landkreise.digital\/index.php\/2024\/07\/24\/stufenplan\/#primaryimage"},"thumbnailUrl":"https:\/\/www.landkreise.digital\/wp-content\/uploads\/sites\/21\/2024\/07\/Marktplatz-Mockup.jpg","articleSection":["Uncategorized"],"inLanguage":"de","potentialAction":[{"@type":"CommentAction","name":"Comment","target":["https:\/\/www.landkreise.digital\/index.php\/2024\/07\/24\/stufenplan\/#respond"]}]},{"@type":"WebPage","@id":"https:\/\/www.landkreise.digital\/index.php\/2024\/07\/24\/stufenplan\/","url":"https:\/\/www.landkreise.digital\/index.php\/2024\/07\/24\/stufenplan\/","name":"Stufenplan \u00bbSmarte St\u00e4dte und Regionen\u00ab - Projekt Smarte.Land.Regionen","isPartOf":{"@id":"https:\/\/www.landkreise.digital\/#website"},"primaryImageOfPage":{"@id":"https:\/\/www.landkreise.digital\/index.php\/2024\/07\/24\/stufenplan\/#primaryimage"},"image":{"@id":"https:\/\/www.landkreise.digital\/index.php\/2024\/07\/24\/stufenplan\/#primaryimage"},"thumbnailUrl":"https:\/\/www.landkreise.digital\/wp-content\/uploads\/sites\/21\/2024\/07\/Marktplatz-Mockup.jpg","datePublished":"2024-07-24T07:47:09+00:00","dateModified":"2024-07-24T07:52:00+00:00","description":"Unser Marktplatz ist Teil des Stufenplan \u00bbSmarte St\u00e4dte und Regionen\u00ab der Bundesregierung zur Verbesserung der Daseinsvorsorge.","breadcrumb":{"@id":"https:\/\/www.landkreise.digital\/index.php\/2024\/07\/24\/stufenplan\/#breadcrumb"},"inLanguage":"de","potentialAction":[{"@type":"ReadAction","target":["https:\/\/www.landkreise.digital\/index.php\/2024\/07\/24\/stufenplan\/"]}]},{"@type":"ImageObject","inLanguage":"de","@id":"https:\/\/www.landkreise.digital\/index.php\/2024\/07\/24\/stufenplan\/#primaryimage","url":"https:\/\/www.landkreise.digital\/wp-content\/uploads\/sites\/21\/2024\/07\/Marktplatz-Mockup.jpg","contentUrl":"https:\/\/www.landkreise.digital\/wp-content\/uploads\/sites\/21\/2024\/07\/Marktplatz-Mockup.jpg","width":1451,"height":826,"caption":"Marktplatz im Stufenplan Smarte St\u00e4dte und Regionen"},{"@type":"BreadcrumbList","@id":"https:\/\/www.landkreise.digital\/index.php\/2024\/07\/24\/stufenplan\/#breadcrumb","itemListElement":[{"@type":"ListItem","position":1,"name":"Home","item":"https:\/\/www.landkreise.digital\/"},{"@type":"ListItem","position":2,"name":"Unser Marktplatz im Stufenplan \u00bbSmarte St\u00e4dte und Regionen\u00ab"}]},{"@type":"WebSite","@id":"https:\/\/www.landkreise.digital\/#website","url":"https:\/\/www.landkreise.digital\/","name":"Projekt Smarte.Land.Regionen","description":"Digitale L\u00f6sungen f\u00fcrs Land","publisher":{"@id":"https:\/\/www.landkreise.digital\/#organization"},"potentialAction":[{"@type":"SearchAction","target":{"@type":"EntryPoint","urlTemplate":"https:\/\/www.landkreise.digital\/?s={search_term_string}"},"query-input":{"@type":"PropertyValueSpecification","valueRequired":true,"valueName":"search_term_string"}}],"inLanguage":"de"},{"@type":"Organization","@id":"https:\/\/www.landkreise.digital\/#organization","name":"Projekt Smarte.Land.Regionen","url":"https:\/\/www.landkreise.digital\/","logo":{"@type":"ImageObject","inLanguage":"de","@id":"https:\/\/www.landkreise.digital\/#\/schema\/logo\/image\/","url":"https:\/\/www.landkreise.digital\/wp-content\/uploads\/sites\/21\/2023\/02\/Landschaftsbild.jpg","contentUrl":"https:\/\/www.landkreise.digital\/wp-content\/uploads\/sites\/21\/2023\/02\/Landschaftsbild.jpg","width":2000,"height":1333,"caption":"Projekt Smarte.Land.Regionen"},"image":{"@id":"https:\/\/www.landkreise.digital\/#\/schema\/logo\/image\/"},"sameAs":["https:\/\/www.facebook.com\/SLRegionen","https:\/\/x.com\/SLRegionen","https:\/\/www.linkedin.com\/in\/smarte-land-regionen\/"]},{"@type":"Person","@id":"https:\/\/www.landkreise.digital\/#\/schema\/person\/e51d50a41032f26e524af9aa49f2d058","name":"Annika Sema","image":{"@type":"ImageObject","inLanguage":"de","@id":"https:\/\/secure.gravatar.com\/avatar\/bd3f082fc8d8c85cd9124458035ada50c4448c993c3c6acaf8c8f5c82c3ffd38?s=96&d=mm&r=g","url":"https:\/\/secure.gravatar.com\/avatar\/bd3f082fc8d8c85cd9124458035ada50c4448c993c3c6acaf8c8f5c82c3ffd38?s=96&d=mm&r=g","contentUrl":"https:\/\/secure.gravatar.com\/avatar\/bd3f082fc8d8c85cd9124458035ada50c4448c993c3c6acaf8c8f5c82c3ffd38?s=96&d=mm&r=g","caption":"Annika Sema"},"url":"https:\/\/www.landkreise.digital\/index.php\/author\/sema\/"}]}},"_links":{"self":[{"href":"https:\/\/www.landkreise.digital\/index.php\/wp-json\/wp\/v2\/posts\/6139","targetHints":{"allow":["GET"]}}],"collection":[{"href":"https:\/\/www.landkreise.digital\/index.php\/wp-json\/wp\/v2\/posts"}],"about":[{"href":"https:\/\/www.landkreise.digital\/index.php\/wp-json\/wp\/v2\/types\/post"}],"author":[{"embeddable":true,"href":"https:\/\/www.landkreise.digital\/index.php\/wp-json\/wp\/v2\/users\/190"}],"replies":[{"embeddable":true,"href":"https:\/\/www.landkreise.digital\/index.php\/wp-json\/wp\/v2\/comments?post=6139"}],"version-history":[{"count":4,"href":"https:\/\/www.landkreise.digital\/index.php\/wp-json\/wp\/v2\/posts\/6139\/revisions"}],"predecessor-version":[{"id":6148,"href":"https:\/\/www.landkreise.digital\/index.php\/wp-json\/wp\/v2\/posts\/6139\/revisions\/6148"}],"wp:featuredmedia":[{"embeddable":true,"href":"https:\/\/www.landkreise.digital\/index.php\/wp-json\/wp\/v2\/media\/6147"}],"wp:attachment":[{"href":"https:\/\/www.landkreise.digital\/index.php\/wp-json\/wp\/v2\/media?parent=6139"}],"wp:term":[{"taxonomy":"category","embeddable":true,"href":"https:\/\/www.landkreise.digital\/index.php\/wp-json\/wp\/v2\/categories?post=6139"},{"taxonomy":"post_tag","embeddable":true,"href":"https:\/\/www.landkreise.digital\/index.php\/wp-json\/wp\/v2\/tags?post=6139"}],"curies":[{"name":"wp","href":"https:\/\/api.w.org\/{rel}","templated":true}]}}