{"id":5720,"date":"2023-12-19T08:18:02","date_gmt":"2023-12-19T08:18:02","guid":{"rendered":"https:\/\/www.landkreise.digital\/?p=5720"},"modified":"2024-07-15T08:49:42","modified_gmt":"2024-07-15T06:49:42","slug":"smarte-land-regionen-jahresrueckblick","status":"publish","type":"post","link":"https:\/\/www.landkreise.digital\/index.php\/2023\/12\/19\/smarte-land-regionen-jahresrueckblick\/","title":{"rendered":"Smarte.Land.Regionen Jahresr\u00fcckblick"},"content":{"rendered":"<h4>Smarte.Land.Regionen Jahresr\u00fcckblick 2023<\/h4>\n<p><img decoding=\"async\" class=\"lazyload alignnone size-full wp-image-5721\" src=\"https:\/\/www.landkreise.digital\/wp-content\/uploads\/sites\/21\/2023\/12\/Collage-Jahresrueckblick.jpg\" data-orig-src=\"https:\/\/www.landkreise.digital\/wp-content\/uploads\/sites\/21\/2023\/12\/Collage-Jahresrueckblick.jpg\" alt=\"Collage zum Jahresr\u00fcckblick 2023\" width=\"1920\" height=\"1080\" srcset=\"data:image\/svg+xml,%3Csvg%20xmlns%3D%27http%3A%2F%2Fwww.w3.org%2F2000%2Fsvg%27%20width%3D%271920%27%20height%3D%271080%27%20viewBox%3D%270%200%201920%201080%27%3E%3Crect%20width%3D%271920%27%20height%3D%271080%27%20fill-opacity%3D%220%22%2F%3E%3C%2Fsvg%3E\" data-srcset=\"https:\/\/www.landkreise.digital\/wp-content\/uploads\/sites\/21\/2023\/12\/Collage-Jahresrueckblick-200x113.jpg 200w, https:\/\/www.landkreise.digital\/wp-content\/uploads\/sites\/21\/2023\/12\/Collage-Jahresrueckblick-300x169.jpg 300w, https:\/\/www.landkreise.digital\/wp-content\/uploads\/sites\/21\/2023\/12\/Collage-Jahresrueckblick-400x225.jpg 400w, https:\/\/www.landkreise.digital\/wp-content\/uploads\/sites\/21\/2023\/12\/Collage-Jahresrueckblick-600x338.jpg 600w, https:\/\/www.landkreise.digital\/wp-content\/uploads\/sites\/21\/2023\/12\/Collage-Jahresrueckblick-768x432.jpg 768w, https:\/\/www.landkreise.digital\/wp-content\/uploads\/sites\/21\/2023\/12\/Collage-Jahresrueckblick-800x450.jpg 800w, https:\/\/www.landkreise.digital\/wp-content\/uploads\/sites\/21\/2023\/12\/Collage-Jahresrueckblick-1024x576.jpg 1024w, https:\/\/www.landkreise.digital\/wp-content\/uploads\/sites\/21\/2023\/12\/Collage-Jahresrueckblick-1200x675.jpg 1200w, https:\/\/www.landkreise.digital\/wp-content\/uploads\/sites\/21\/2023\/12\/Collage-Jahresrueckblick-1536x864.jpg 1536w, https:\/\/www.landkreise.digital\/wp-content\/uploads\/sites\/21\/2023\/12\/Collage-Jahresrueckblick.jpg 1920w\" data-sizes=\"auto\" data-orig-sizes=\"(max-width: 1920px) 100vw, 1920px\" \/><\/p>\n<p><strong>Das Jahr 2023 stand f\u00fcr das Projekt \u00bb<a href=\"https:\/\/www.landkreise.digital\/\">Smarte.Land.Regionen<\/a>\u00ab ganz im Zeichen der Ver\u00f6ffentlichungen der technischen L\u00f6sungen und des <a href=\"https:\/\/marktplatz.landkreise.digital\/\">Marktplatzes<\/a>. Nicht nur die L\u00f6sungen \u00bb<a href=\"https:\/\/www.landkreise.digital\/index.php\/2022\/09\/21\/portal-landraeume\/\">LandR\u00e4ume<\/a>\u00ab und \u00bb<a href=\"https:\/\/www.landkreise.digital\/index.php\/2023\/07\/21\/evaluation-2-gesundheit-pflege\/\">Plattform f\u00fcr seelische Gesundheit<\/a>\u00ab wurden gelauncht, sondern auch der Marktplatz feierte Mitte des Jahres seinen Go-Live. Dieser ist bundesweit f\u00fcr alle Landkreise, Beratenden und L\u00f6sungsbetreibenden gleicherma\u00dfen erreichbar \u2013 und verbucht seit seinem Release monatlich steigende Teilnehmendenzahlen.<\/strong><\/p>\n<p>Doch zun\u00e4chst zum ersten Highlight des Jahres \u2013 dem Go-Live der L\u00f6sung \u00bb<a href=\"https:\/\/www.landkreise.digital\/index.php\/2022\/09\/21\/portal-landraeume\/\">LandR\u00e4ume<\/a>\u00ab im Landkreis Bernkastel-Wittlich am <strong>23. M\u00e4rz<\/strong>. Die L\u00f6sung ist eine Vermittlungsplattform in Form einer Buchungssoftware, die Anbieter von R\u00e4umen und deren Nachfragende miteinander verbindet. Sie bietet demnach allen B\u00fcrgern und B\u00fcrgerinnen die M\u00f6glichkeit, R\u00e4ume oder einzelne Pl\u00e4tze in R\u00e4umen f\u00fcr beliebige Zwecke zu buchen. Zur L\u00f6sung wurde zus\u00e4tzlich eine <a href=\"https:\/\/www.landkreise.digital\/index.php\/2023\/03\/23\/onboarding-landraeume\/\">Anleitung zum Onboarding<\/a> erstellt, um sowohl Nachfragenden als auch Anbietenden eine Handreichung zu geben, damit sie m\u00f6glichst schnell und einfach auf die Buchungsplattform gelangen k\u00f6nnen.<\/p>\n<p>Nur wenige Tage nach dem Go-Live von \u00bbLandR\u00e4ume\u00ab fand das vierte Vernetzungstreffen statt. Hierzu kamen am <strong>29. und 30. M\u00e4rz <\/strong>in Coesfeld alle Projektbeteiligten inkl. der sieben Modellregionen zusammen, um sich \u00fcber den aktuellen Stand des Modellvorhabens sowie Methoden und Use Cases auszutauschen. Dar\u00fcber hinaus gab es am Rande des Treffens bei Exkursionen auch die M\u00f6glichkeit zum informellen Austausch und gem\u00fctlichen Beisammensein. Hierbei konnte jeder nicht nur L\u00f6sung 1 \u00bb<a href=\"https:\/\/www.landkreise.digital\/index.php\/2023\/03\/23\/onboarding-landraeume\/\">LandR\u00e4ume<\/a>\u00ab, L\u00f6sung 2 \u00bb<a href=\"https:\/\/www.landkreise.digital\/index.php\/2022\/11\/04\/anbieterworkshops-vg\/\">kuubu<\/a>\u00ab, L\u00f6sung 3 \u00bb\u00ab und\u00a0L\u00f6sung 4 \u00bb<a href=\"https:\/\/www.landkreise.digital\/index.php\/2023\/08\/22\/buergerbusse-und-mitfahrbaenke\/\">PlanBar &amp; FahrBar<\/a>\u00ab <strong>&amp; <\/strong>\u00bb<a href=\"https:\/\/www.landkreise.digital\/index.php\/2023\/08\/22\/buergerbusse-und-mitfahrbaenke\/\">Comby<\/a>\u00ab kennen lernen und ausprobieren, sondern auch den <a href=\"https:\/\/www.huhu.land\/\">Marktplatz<\/a>. Dieser Erfahrungsaustausch zeigt, dass das Vernetzungstreffen nach wie vor einen wichtigen Aspekt f\u00fcr die Kommunikation unter den Projektteilnehmenden darstellt.<\/p>\n<p>Der <strong>April<\/strong> fokussierte sich ganz auf die Evaluation von L\u00f6sung 3 \u00bbLandWohl\u00ab, bei der sich alles um Gesundheit und Pflege dreht. Nach der <a href=\"https:\/\/www.landkreise.digital\/index.php\/2023\/02\/24\/evaluation-gesundheit-pflege\/\">ersten Evaluation im Oktober und November 2022<\/a> mit den Landkreisen L\u00f6rrach und Neustadt an der Waldnaab mit dem Schwerpunkt \u00bbErstellungsprozess von Angeboten aus Sicht von Anbietern\u00ab und \u00bbInterviews mit den Mitarbeitenden des Landkreises aus Sicht der Projektverwaltung\u00ab wurde nun eine <a href=\"https:\/\/www.landkreise.digital\/index.php\/2023\/07\/21\/evaluation-2-gesundheit-pflege\/\">zweite Evaluation<\/a> durchgef\u00fchrt. Die zweit\u00e4gige Veranstaltung fand im Landkreis Neustadt an der Waldnaab statt, und das Hauptaugenmerk lag auf (1)\u00a0dem L\u00f6sungsverwaltungsbereich, (2) der Darstellung der Informationsseiten, (3) den Profilen und (4) der Darstellung einzelner Leistungen sowie deren Buchungsprozessen.<\/p>\n<p>Im <strong>Mai<\/strong> hielten wir einen Vortrag zum Thema Partizipation und teilten unsere Erfahrungen mit CONSUL im Rahmen des Bitkom Roundtable Digitale Gesellschaft. Unsere Projektleiterin Anne-Marie Kilpert war zu Gast beim <a href=\"https:\/\/www.iese.fraunhofer.de\/de\/media\/presse\/pm-2023-06-01-region-viersen.html\">Regionalforum Kreis Viersen<\/a> der IHK Mittlerer Niederrhein. In einem Vortrag erl\u00e4uterte sie, wie auch in l\u00e4ndlichen Gegenden Smart-Region-Aktivit\u00e4ten erfolgreich umgesetzt werden k\u00f6nnen. Ebenfalls im Mai nahm unser Projektleiter Thomas Zehler an der Zukunftskonferenz NEW in Speinshart teil. Thema der Veranstaltung war eine Zukunftskonferenz mit den relevanten Stakeholdern des Landkreises Neustadt an der Waldnaab im Rahmen der Erstellung der Strategie \u00bbNEW Zukunft\u00ab.<\/p>\n<p>Mitte <strong>Juni<\/strong> ging es f\u00fcr das Projekt <a href=\"https:\/\/www.landkreise.digital\/index.php\/2023\/06\/29\/1-bundeskongress-tag-der-regionen-in-cottbus\/\">\u00bbSmarte.Land.Regionen\u00ab zum 1. Bundeskongress \u00bbTag der Regionen\u00ab<\/a> nach Cottbus. Der von 100 Teilnehmenden besuchte Kongress wurde vom Bundesministerium f\u00fcr Wohnen, Stadtentwicklung und Bauwesen (BMWSB) veranstaltet. Dabei fungierte Smarte.Land.Regionen als in das Programm eingebettete Begleitveranstaltung mit dem Titel \u00bbSmarte.Land.Regionen \u2013 Ein Digitales \u00d6kosystem f\u00fcr den l\u00e4ndlichen Raum\u00ab. Die Verantwortlichen gaben Einblicke in das Modellvorhaben sowie den aktuellen Stand der Entwicklung des Digitalen \u00d6kosystems und den im Zentrum des \u00d6kosystems stehenden Marktplatz. In moderierten Fachgespr\u00e4chen mit Akteur:innen aus der F\u00f6rderung, der Wissenschaft und der Praxis wurden u.a. Leitfragen wie \u00bbWas soll mit dem Modellvorhaben erreicht werden?\u00ab, \u00bbWer sind die beteiligten Projektpartner und Landkreise?\u00ab und \u00bbWas beinhaltet ein Digitales \u00d6kosystem f\u00fcr die regionale Daseinsvorsorge?\u00ab diskutiert.<\/p>\n<p>Das zweite gro\u00dfe Highlight des Jahres war am <strong>31. Juli<\/strong> das Soft Opening des <a href=\"https:\/\/www.huhu.land\/\">Marktplatzes<\/a>, der im Zentrum des Digitalen \u00d6kosystems von Smarte.Land.Regionen steht. Dieser Marktplatz ist ein bundesweiter Marktplatz f\u00fcr alle Landkreise in Deutschland. Die <a href=\"https:\/\/www.huhu.land\/wp-content\/uploads\/sites\/22\/2023\/10\/SLR-Marktplatzvorstellung.pdf\">Besonderheit des Marktplatzes<\/a> ist jedoch nicht nur seine bundesweite zentrale Verf\u00fcgbarkeit, sondern er erm\u00f6glicht auch eine schnelle und einfache Suche nach und Vermittlung von qualit\u00e4tsgesicherten und bedarfsgerechten digitalen L\u00f6sungen und Beratungen. Er ist \u00bbder eine Marktplatz\u00ab f\u00fcr alle Landkreise.<\/p>\n<p>Nach dem gro\u00dfen Erfolg des Go-Lives des Marktplatzes konnten im <strong>August<\/strong> auch in der Entwicklung der <a href=\"https:\/\/www.landkreise.digital\/index.php\/2023\/08\/22\/buergerbusse-und-mitfahrbaenke\/\">Mobilit\u00e4tsl\u00f6sung<\/a> weitere Fortschritte verbucht werden. Die zust\u00e4ndigen Modellregionen Potsdam-Mittelmark\u00a0und Bernkastel-Wittlich einigten sich auf zwei Herausforderungen, die angegangen werden sollen. In Bernkastel-Wittlich wird die L\u00f6sung \u00bbPlanBar &amp; Fahrbar\u00ab zusammen mit einem B\u00fcrgerbus weiterentwickelt und erprobt. Potsdam-Mittelmark konzentriert sich auf \u00bbComby\u00ab, dem modernen Trampen mit einer Fokussierung auf Mitfahrb\u00e4nke oder Mitfahrpunkte. Vorausgegangen war eine umfangreiche Phase des Findens von Anwendungsf\u00e4llen, die die Herausforderung, den Status quo der Mobilit\u00e4t im l\u00e4ndlichen Raum zu ver\u00e4ndern, deutlich machen.<\/p>\n<p>Nach all diesen entwicklungsreichen Monaten war es im <strong>September<\/strong> an der Zeit, sich erneut \u00fcber das Geschaffte auszutauschen und sich zu vernetzen. So kamen am 20. und 21. September in Uelzen nicht nur die Projektpartner und die sieben Modellregionen, sondern auch die 13 weiteren beteiligten Landkreise f\u00fcr das <a href=\"https:\/\/www.landkreise.digital\/index.php\/2023\/10\/06\/fuenftes-vernetzngstreffen\/\">f\u00fcnfte Vernetzungstreffen<\/a> zusammen. Es wurde \u00fcber aktuelle Arbeitsschritte, Herausforderungen und Erfolgsfaktoren berichtet, die technischen L\u00f6sungen wurden vorgestellt, der aktuelle Entwicklungsstand des Marktplatzes wurde pr\u00e4sentiert, das <a href=\"https:\/\/www.toolset-landkreise.digital\/\">Toolset<\/a> wurde erl\u00e4utert und man tauschte sich \u00fcber die \u00dcbertragbarkeit der technischen L\u00f6sungen aus.<\/p>\n<p>Nur eine Woche zuvor fand vom <strong>13.-14. September<\/strong> in Rostock die erste\u00a01. Jahrestagung \u00bb<a href=\"https:\/\/www.landkreistag.de\/termine\/regionale-transformation-gestalten\">Regionale Transformation gestalten<\/a>\u00ab zum systematischen Erfahrungsaustausch \u00fcber Themen und Projekte zur Gestaltung regionaler Transformationsprozesse statt. Auch auf dieser Tagung war das Projekt \u00bbSmarte.Land.Regionen\u00ab in Form des Workshops \u00bbDigitale Transformation von Regionen: Welche Rolle spielen die Akteure im regionalen \u00d6kosystem?\u00ab vertreten. In diesem Workshop sollte die Vision der Regionen von morgen abgeglichen und ein gemeinsames, neues Rollenverst\u00e4ndnis der beteiligten Partner geschaffen werden. Stargast der Tagung war Robert Habeck, Bundesminister f\u00fcr Wirtschaft und Klimaschutz, der in seiner Rede sagte: \u00bbIn den l\u00e4ndlichen Regionen wird entschieden, wie wirtschaftliches Wachstum funktioniert.\u00ab<\/p>\n<p>Zum Ende des Monats September wurden zudem elf F\u00f6rderbescheide an lokale Projekte \u00fcbergeben. Mit diesen Bescheiden k\u00f6nnen elf Initativen, Verb\u00e4nde und Unternehmen Projekte in den Modellregionen umsetzen, die \u00bbetwas mit Digitalisierung\u00ab zu tun haben. Was das genau ist, richtet sich nach dem Bedarf.<\/p>\n<p>Im Anschluss an die Vernetzungsveranstaltung fand am <strong>04. Oktober<\/strong> der MPSC-Kongress in Mannheim statt, wo wir \u00bbLandR\u00e4ume\u00ab und \u00bbLandWohl\u00ab vorstellten. Am 11. Oktober fand die Vorstellung des Marktplatzes auf der CDO-Runde des BMWSB statt.<\/p>\n<p>Ebenfalls erfolgte am <strong>13.<\/strong> <strong>Oktober<\/strong>\u00a0im Landkreis L\u00f6rrach das <a href=\"https:\/\/www.linkedin.com\/posts\/smarte-land-regionen_landkreis-smartelandregionen-gesundheit-activity-7122509273770676225-un7f?utm_source=share&amp;utm_medium=member_desktop\">Go-Live<\/a> der \u00bb<a href=\"https:\/\/www.seelische-gesundheit-kreis-loerrach.de\/\">Plattform f\u00fcr seelische Gesundheit<\/a>\u00ab. Ihr Ziel ist es, Angebote und Informationen f\u00fcr Betroffene einer psychischen Erkrankung und deren Angeh\u00f6rige geb\u00fcndelt sichtbar zu machen. Nach der Vorstellung der Plattform konnte die L\u00f6sung direkt vor Ort getestet werden.<\/p>\n<p>Den gro\u00dfen und vor allem erfolgreichen Jahresabschluss feierte das Projekt \u00bbSmarte.Land.Regionen\u00ab vom <strong>7.-9.<\/strong> <strong>November<\/strong> auf der Smart Country Convention (SCCON) in Berlin. Am ersten Tag informierte sich u. a. Cem \u00d6zdemir, Bundesminister f\u00fcr Ern\u00e4hrung und Landwirtschaft, \u00fcber das Forschungsprojekt sowie den entwickelten Marktplatz. Anschlie\u00dfend fand am Stand des Bundesministeriums f\u00fcr Ern\u00e4hrung und Landwirtschaft (BMEL) die Pr\u00e4sentation zu L\u00f6sung 4 \u2013 Mobilit\u00e4t (\u00bb<a href=\"https:\/\/www.landkreise.digital\/index.php\/2023\/08\/22\/buergerbusse-und-mitfahrbaenke\/\">PlanBar &amp; Fahrbar<\/a>\u00ab &amp; \u00bb<a href=\"https:\/\/www.landkreise.digital\/index.php\/2023\/08\/22\/buergerbusse-und-mitfahrbaenke\/\">Comby<\/a>\u00ab) im l\u00e4ndlichen Raum statt. Der zweite Tag startete ebenfalls am Stand des BMEL mit einem Vortrag \u00fcber das Digitale \u00d6kosystem \u00bbSmarte.Land.Regionen\u00ab mit Fokus auf den <a href=\"https:\/\/www.huhu.land\/\">Marktplatz<\/a> und das <a href=\"https:\/\/www.toolset-landkreise.digital\/\">Toolset<\/a>. Danach erfolgte die Vorstellung der L\u00f6sung \u00bb<a href=\"https:\/\/www.landkreise.digital\/index.php\/2023\/03\/23\/onboarding-landraeume\/\">LandR\u00e4ume<\/a>\u00ab, die zusammen mit Vertreterinnen des Landkreises Bernkastel-Wittlich stattfand.<\/p>\n<h5>Ausblick<\/h5>\n<p>Der erfolgreiche Jahresabschluss 2023 ist der Startschuss in das letzte Projektjahr des Forschungsvorhabens \u00bbSmarte.Land.Regionen\u00ab. F\u00fcr 2024 stehen noch zahlreiche Aktivit\u00e4ten auf dem Plan. So sollen die L\u00f6sungen auf der Open-Source-Plattform OpenCoDE bereitgestellt werden. Das Onboarding auf den Marktplatz von Landkreisen auf der einen und L\u00f6sungsbetreibenden und Beratenden auf der anderen Seite wird proaktiv vorangetrieben, um bis zum Projektende m\u00f6glichst viele Teilnehmende in das Digitale \u00d6kosystem Smarte.Land.Regionen zu integrieren. Zudem wird das Forschungsvorhaben ebenfalls wieder auf der <a href=\"https:\/\/www.smartcountry.berlin\/de\/\">Smart Country Convention<\/a> \u00a0vertreten sein, die vom 15.10.-17.10.2024 in Berlin stattfinden wird.<\/p>\n","protected":false},"excerpt":{"rendered":"<p>Auch im Jahr 2023 gab es im Projekt \u00bbSmarte.Land.Regionen\u00ab einiges zu tun. Die Aktivit\u00e4ten reichten von der Vernetzung der Akteure \u00fcber die Evaluierung bisher entstandener L\u00f6sungen bis hin zum Go-Live zweier L\u00f6sungen und des Marktplatzes.<\/p>\n","protected":false},"author":190,"featured_media":5721,"comment_status":"open","ping_status":"open","sticky":false,"template":"","format":"standard","meta":{"footnotes":""},"categories":[1],"tags":[],"class_list":["post-5720","post","type-post","status-publish","format-standard","has-post-thumbnail","hentry","category-uncategorized"],"yoast_head":"<!-- This site is optimized with the Yoast SEO plugin v27.5 - https:\/\/yoast.com\/product\/yoast-seo-wordpress\/ -->\n<title>Smarte.Land.Regionen Jahresr\u00fcckblick - Projekt Smarte.Land.Regionen<\/title>\n<meta name=\"description\" content=\"Auch im Jahr 2023 stand einiges auf der Smarte.Land.Regionen-Agenda. Im Blockbeitrag blicken wir auf die Aktivit\u00e4ten im Jahr 2023 zur\u00fcck.\" \/>\n<meta name=\"robots\" content=\"index, follow, max-snippet:-1, max-image-preview:large, max-video-preview:-1\" \/>\n<link rel=\"canonical\" href=\"https:\/\/www.landkreise.digital\/index.php\/2023\/12\/19\/smarte-land-regionen-jahresrueckblick\/\" \/>\n<meta property=\"og:locale\" content=\"de_DE\" \/>\n<meta property=\"og:type\" content=\"article\" \/>\n<meta property=\"og:title\" content=\"Smarte.Land.Regionen Jahresr\u00fcckblick - Projekt Smarte.Land.Regionen\" \/>\n<meta property=\"og:description\" content=\"Auch im Jahr 2023 stand einiges auf der Smarte.Land.Regionen-Agenda. Im Blockbeitrag blicken wir auf die Aktivit\u00e4ten im Jahr 2023 zur\u00fcck.\" \/>\n<meta property=\"og:url\" content=\"https:\/\/www.landkreise.digital\/index.php\/2023\/12\/19\/smarte-land-regionen-jahresrueckblick\/\" \/>\n<meta property=\"og:site_name\" content=\"Projekt Smarte.Land.Regionen\" \/>\n<meta property=\"article:publisher\" content=\"https:\/\/www.facebook.com\/SLRegionen\" \/>\n<meta property=\"article:published_time\" content=\"2023-12-19T08:18:02+00:00\" \/>\n<meta property=\"article:modified_time\" content=\"2024-07-15T06:49:42+00:00\" \/>\n<meta property=\"og:image\" content=\"https:\/\/www.landkreise.digital\/wp-content\/uploads\/sites\/21\/2023\/12\/Collage-Jahresrueckblick.jpg\" \/>\n\t<meta property=\"og:image:width\" content=\"1920\" \/>\n\t<meta property=\"og:image:height\" content=\"1080\" \/>\n\t<meta property=\"og:image:type\" content=\"image\/jpeg\" \/>\n<meta name=\"author\" content=\"Annika Sema\" \/>\n<meta name=\"twitter:card\" content=\"summary_large_image\" \/>\n<meta name=\"twitter:creator\" content=\"@SLRegionen\" \/>\n<meta name=\"twitter:site\" content=\"@SLRegionen\" \/>\n<meta name=\"twitter:label1\" content=\"Verfasst von\" \/>\n\t<meta name=\"twitter:data1\" content=\"Annika Sema\" \/>\n\t<meta name=\"twitter:label2\" content=\"Gesch\u00e4tzte Lesezeit\" \/>\n\t<meta name=\"twitter:data2\" content=\"8\u00a0Minuten\" \/>\n<script type=\"application\/ld+json\" class=\"yoast-schema-graph\">{\"@context\":\"https:\\\/\\\/schema.org\",\"@graph\":[{\"@type\":\"Article\",\"@id\":\"https:\\\/\\\/www.landkreise.digital\\\/index.php\\\/2023\\\/12\\\/19\\\/smarte-land-regionen-jahresrueckblick\\\/#article\",\"isPartOf\":{\"@id\":\"https:\\\/\\\/www.landkreise.digital\\\/index.php\\\/2023\\\/12\\\/19\\\/smarte-land-regionen-jahresrueckblick\\\/\"},\"author\":{\"name\":\"Annika Sema\",\"@id\":\"https:\\\/\\\/www.landkreise.digital\\\/#\\\/schema\\\/person\\\/e51d50a41032f26e524af9aa49f2d058\"},\"headline\":\"Smarte.Land.Regionen Jahresr\u00fcckblick\",\"datePublished\":\"2023-12-19T08:18:02+00:00\",\"dateModified\":\"2024-07-15T06:49:42+00:00\",\"mainEntityOfPage\":{\"@id\":\"https:\\\/\\\/www.landkreise.digital\\\/index.php\\\/2023\\\/12\\\/19\\\/smarte-land-regionen-jahresrueckblick\\\/\"},\"wordCount\":1354,\"commentCount\":0,\"publisher\":{\"@id\":\"https:\\\/\\\/www.landkreise.digital\\\/#organization\"},\"image\":{\"@id\":\"https:\\\/\\\/www.landkreise.digital\\\/index.php\\\/2023\\\/12\\\/19\\\/smarte-land-regionen-jahresrueckblick\\\/#primaryimage\"},\"thumbnailUrl\":\"https:\\\/\\\/www.landkreise.digital\\\/wp-content\\\/uploads\\\/sites\\\/21\\\/2023\\\/12\\\/Collage-Jahresrueckblick.jpg\",\"articleSection\":[\"Uncategorized\"],\"inLanguage\":\"de\",\"potentialAction\":[{\"@type\":\"CommentAction\",\"name\":\"Comment\",\"target\":[\"https:\\\/\\\/www.landkreise.digital\\\/index.php\\\/2023\\\/12\\\/19\\\/smarte-land-regionen-jahresrueckblick\\\/#respond\"]}]},{\"@type\":\"WebPage\",\"@id\":\"https:\\\/\\\/www.landkreise.digital\\\/index.php\\\/2023\\\/12\\\/19\\\/smarte-land-regionen-jahresrueckblick\\\/\",\"url\":\"https:\\\/\\\/www.landkreise.digital\\\/index.php\\\/2023\\\/12\\\/19\\\/smarte-land-regionen-jahresrueckblick\\\/\",\"name\":\"Smarte.Land.Regionen Jahresr\u00fcckblick - Projekt Smarte.Land.Regionen\",\"isPartOf\":{\"@id\":\"https:\\\/\\\/www.landkreise.digital\\\/#website\"},\"primaryImageOfPage\":{\"@id\":\"https:\\\/\\\/www.landkreise.digital\\\/index.php\\\/2023\\\/12\\\/19\\\/smarte-land-regionen-jahresrueckblick\\\/#primaryimage\"},\"image\":{\"@id\":\"https:\\\/\\\/www.landkreise.digital\\\/index.php\\\/2023\\\/12\\\/19\\\/smarte-land-regionen-jahresrueckblick\\\/#primaryimage\"},\"thumbnailUrl\":\"https:\\\/\\\/www.landkreise.digital\\\/wp-content\\\/uploads\\\/sites\\\/21\\\/2023\\\/12\\\/Collage-Jahresrueckblick.jpg\",\"datePublished\":\"2023-12-19T08:18:02+00:00\",\"dateModified\":\"2024-07-15T06:49:42+00:00\",\"description\":\"Auch im Jahr 2023 stand einiges auf der Smarte.Land.Regionen-Agenda. Im Blockbeitrag blicken wir auf die Aktivit\u00e4ten im Jahr 2023 zur\u00fcck.\",\"breadcrumb\":{\"@id\":\"https:\\\/\\\/www.landkreise.digital\\\/index.php\\\/2023\\\/12\\\/19\\\/smarte-land-regionen-jahresrueckblick\\\/#breadcrumb\"},\"inLanguage\":\"de\",\"potentialAction\":[{\"@type\":\"ReadAction\",\"target\":[\"https:\\\/\\\/www.landkreise.digital\\\/index.php\\\/2023\\\/12\\\/19\\\/smarte-land-regionen-jahresrueckblick\\\/\"]}]},{\"@type\":\"ImageObject\",\"inLanguage\":\"de\",\"@id\":\"https:\\\/\\\/www.landkreise.digital\\\/index.php\\\/2023\\\/12\\\/19\\\/smarte-land-regionen-jahresrueckblick\\\/#primaryimage\",\"url\":\"https:\\\/\\\/www.landkreise.digital\\\/wp-content\\\/uploads\\\/sites\\\/21\\\/2023\\\/12\\\/Collage-Jahresrueckblick.jpg\",\"contentUrl\":\"https:\\\/\\\/www.landkreise.digital\\\/wp-content\\\/uploads\\\/sites\\\/21\\\/2023\\\/12\\\/Collage-Jahresrueckblick.jpg\",\"width\":1920,\"height\":1080,\"caption\":\"Collage zum Jahresr\u00fcckblick 2023\"},{\"@type\":\"BreadcrumbList\",\"@id\":\"https:\\\/\\\/www.landkreise.digital\\\/index.php\\\/2023\\\/12\\\/19\\\/smarte-land-regionen-jahresrueckblick\\\/#breadcrumb\",\"itemListElement\":[{\"@type\":\"ListItem\",\"position\":1,\"name\":\"Home\",\"item\":\"https:\\\/\\\/www.landkreise.digital\\\/\"},{\"@type\":\"ListItem\",\"position\":2,\"name\":\"Smarte.Land.Regionen Jahresr\u00fcckblick\"}]},{\"@type\":\"WebSite\",\"@id\":\"https:\\\/\\\/www.landkreise.digital\\\/#website\",\"url\":\"https:\\\/\\\/www.landkreise.digital\\\/\",\"name\":\"Projekt Smarte.Land.Regionen\",\"description\":\"Digitale L\u00f6sungen f\u00fcrs Land\",\"publisher\":{\"@id\":\"https:\\\/\\\/www.landkreise.digital\\\/#organization\"},\"potentialAction\":[{\"@type\":\"SearchAction\",\"target\":{\"@type\":\"EntryPoint\",\"urlTemplate\":\"https:\\\/\\\/www.landkreise.digital\\\/?s={search_term_string}\"},\"query-input\":{\"@type\":\"PropertyValueSpecification\",\"valueRequired\":true,\"valueName\":\"search_term_string\"}}],\"inLanguage\":\"de\"},{\"@type\":\"Organization\",\"@id\":\"https:\\\/\\\/www.landkreise.digital\\\/#organization\",\"name\":\"Projekt Smarte.Land.Regionen\",\"url\":\"https:\\\/\\\/www.landkreise.digital\\\/\",\"logo\":{\"@type\":\"ImageObject\",\"inLanguage\":\"de\",\"@id\":\"https:\\\/\\\/www.landkreise.digital\\\/#\\\/schema\\\/logo\\\/image\\\/\",\"url\":\"https:\\\/\\\/www.landkreise.digital\\\/wp-content\\\/uploads\\\/sites\\\/21\\\/2023\\\/02\\\/Landschaftsbild.jpg\",\"contentUrl\":\"https:\\\/\\\/www.landkreise.digital\\\/wp-content\\\/uploads\\\/sites\\\/21\\\/2023\\\/02\\\/Landschaftsbild.jpg\",\"width\":2000,\"height\":1333,\"caption\":\"Projekt Smarte.Land.Regionen\"},\"image\":{\"@id\":\"https:\\\/\\\/www.landkreise.digital\\\/#\\\/schema\\\/logo\\\/image\\\/\"},\"sameAs\":[\"https:\\\/\\\/www.facebook.com\\\/SLRegionen\",\"https:\\\/\\\/x.com\\\/SLRegionen\",\"https:\\\/\\\/www.linkedin.com\\\/in\\\/smarte-land-regionen\\\/\"]},{\"@type\":\"Person\",\"@id\":\"https:\\\/\\\/www.landkreise.digital\\\/#\\\/schema\\\/person\\\/e51d50a41032f26e524af9aa49f2d058\",\"name\":\"Annika Sema\",\"image\":{\"@type\":\"ImageObject\",\"inLanguage\":\"de\",\"@id\":\"https:\\\/\\\/secure.gravatar.com\\\/avatar\\\/bd3f082fc8d8c85cd9124458035ada50c4448c993c3c6acaf8c8f5c82c3ffd38?s=96&d=mm&r=g\",\"url\":\"https:\\\/\\\/secure.gravatar.com\\\/avatar\\\/bd3f082fc8d8c85cd9124458035ada50c4448c993c3c6acaf8c8f5c82c3ffd38?s=96&d=mm&r=g\",\"contentUrl\":\"https:\\\/\\\/secure.gravatar.com\\\/avatar\\\/bd3f082fc8d8c85cd9124458035ada50c4448c993c3c6acaf8c8f5c82c3ffd38?s=96&d=mm&r=g\",\"caption\":\"Annika Sema\"},\"url\":\"https:\\\/\\\/www.landkreise.digital\\\/index.php\\\/author\\\/sema\\\/\"}]}<\/script>\n<!-- \/ Yoast SEO plugin. -->","yoast_head_json":{"title":"Smarte.Land.Regionen Jahresr\u00fcckblick - Projekt Smarte.Land.Regionen","description":"Auch im Jahr 2023 stand einiges auf der Smarte.Land.Regionen-Agenda. Im Blockbeitrag blicken wir auf die Aktivit\u00e4ten im Jahr 2023 zur\u00fcck.","robots":{"index":"index","follow":"follow","max-snippet":"max-snippet:-1","max-image-preview":"max-image-preview:large","max-video-preview":"max-video-preview:-1"},"canonical":"https:\/\/www.landkreise.digital\/index.php\/2023\/12\/19\/smarte-land-regionen-jahresrueckblick\/","og_locale":"de_DE","og_type":"article","og_title":"Smarte.Land.Regionen Jahresr\u00fcckblick - Projekt Smarte.Land.Regionen","og_description":"Auch im Jahr 2023 stand einiges auf der Smarte.Land.Regionen-Agenda. Im Blockbeitrag blicken wir auf die Aktivit\u00e4ten im Jahr 2023 zur\u00fcck.","og_url":"https:\/\/www.landkreise.digital\/index.php\/2023\/12\/19\/smarte-land-regionen-jahresrueckblick\/","og_site_name":"Projekt Smarte.Land.Regionen","article_publisher":"https:\/\/www.facebook.com\/SLRegionen","article_published_time":"2023-12-19T08:18:02+00:00","article_modified_time":"2024-07-15T06:49:42+00:00","og_image":[{"width":1920,"height":1080,"url":"https:\/\/www.landkreise.digital\/wp-content\/uploads\/sites\/21\/2023\/12\/Collage-Jahresrueckblick.jpg","type":"image\/jpeg"}],"author":"Annika Sema","twitter_card":"summary_large_image","twitter_creator":"@SLRegionen","twitter_site":"@SLRegionen","twitter_misc":{"Verfasst von":"Annika Sema","Gesch\u00e4tzte Lesezeit":"8\u00a0Minuten"},"schema":{"@context":"https:\/\/schema.org","@graph":[{"@type":"Article","@id":"https:\/\/www.landkreise.digital\/index.php\/2023\/12\/19\/smarte-land-regionen-jahresrueckblick\/#article","isPartOf":{"@id":"https:\/\/www.landkreise.digital\/index.php\/2023\/12\/19\/smarte-land-regionen-jahresrueckblick\/"},"author":{"name":"Annika Sema","@id":"https:\/\/www.landkreise.digital\/#\/schema\/person\/e51d50a41032f26e524af9aa49f2d058"},"headline":"Smarte.Land.Regionen Jahresr\u00fcckblick","datePublished":"2023-12-19T08:18:02+00:00","dateModified":"2024-07-15T06:49:42+00:00","mainEntityOfPage":{"@id":"https:\/\/www.landkreise.digital\/index.php\/2023\/12\/19\/smarte-land-regionen-jahresrueckblick\/"},"wordCount":1354,"commentCount":0,"publisher":{"@id":"https:\/\/www.landkreise.digital\/#organization"},"image":{"@id":"https:\/\/www.landkreise.digital\/index.php\/2023\/12\/19\/smarte-land-regionen-jahresrueckblick\/#primaryimage"},"thumbnailUrl":"https:\/\/www.landkreise.digital\/wp-content\/uploads\/sites\/21\/2023\/12\/Collage-Jahresrueckblick.jpg","articleSection":["Uncategorized"],"inLanguage":"de","potentialAction":[{"@type":"CommentAction","name":"Comment","target":["https:\/\/www.landkreise.digital\/index.php\/2023\/12\/19\/smarte-land-regionen-jahresrueckblick\/#respond"]}]},{"@type":"WebPage","@id":"https:\/\/www.landkreise.digital\/index.php\/2023\/12\/19\/smarte-land-regionen-jahresrueckblick\/","url":"https:\/\/www.landkreise.digital\/index.php\/2023\/12\/19\/smarte-land-regionen-jahresrueckblick\/","name":"Smarte.Land.Regionen Jahresr\u00fcckblick - Projekt Smarte.Land.Regionen","isPartOf":{"@id":"https:\/\/www.landkreise.digital\/#website"},"primaryImageOfPage":{"@id":"https:\/\/www.landkreise.digital\/index.php\/2023\/12\/19\/smarte-land-regionen-jahresrueckblick\/#primaryimage"},"image":{"@id":"https:\/\/www.landkreise.digital\/index.php\/2023\/12\/19\/smarte-land-regionen-jahresrueckblick\/#primaryimage"},"thumbnailUrl":"https:\/\/www.landkreise.digital\/wp-content\/uploads\/sites\/21\/2023\/12\/Collage-Jahresrueckblick.jpg","datePublished":"2023-12-19T08:18:02+00:00","dateModified":"2024-07-15T06:49:42+00:00","description":"Auch im Jahr 2023 stand einiges auf der Smarte.Land.Regionen-Agenda. Im Blockbeitrag blicken wir auf die Aktivit\u00e4ten im Jahr 2023 zur\u00fcck.","breadcrumb":{"@id":"https:\/\/www.landkreise.digital\/index.php\/2023\/12\/19\/smarte-land-regionen-jahresrueckblick\/#breadcrumb"},"inLanguage":"de","potentialAction":[{"@type":"ReadAction","target":["https:\/\/www.landkreise.digital\/index.php\/2023\/12\/19\/smarte-land-regionen-jahresrueckblick\/"]}]},{"@type":"ImageObject","inLanguage":"de","@id":"https:\/\/www.landkreise.digital\/index.php\/2023\/12\/19\/smarte-land-regionen-jahresrueckblick\/#primaryimage","url":"https:\/\/www.landkreise.digital\/wp-content\/uploads\/sites\/21\/2023\/12\/Collage-Jahresrueckblick.jpg","contentUrl":"https:\/\/www.landkreise.digital\/wp-content\/uploads\/sites\/21\/2023\/12\/Collage-Jahresrueckblick.jpg","width":1920,"height":1080,"caption":"Collage zum Jahresr\u00fcckblick 2023"},{"@type":"BreadcrumbList","@id":"https:\/\/www.landkreise.digital\/index.php\/2023\/12\/19\/smarte-land-regionen-jahresrueckblick\/#breadcrumb","itemListElement":[{"@type":"ListItem","position":1,"name":"Home","item":"https:\/\/www.landkreise.digital\/"},{"@type":"ListItem","position":2,"name":"Smarte.Land.Regionen Jahresr\u00fcckblick"}]},{"@type":"WebSite","@id":"https:\/\/www.landkreise.digital\/#website","url":"https:\/\/www.landkreise.digital\/","name":"Projekt Smarte.Land.Regionen","description":"Digitale L\u00f6sungen f\u00fcrs Land","publisher":{"@id":"https:\/\/www.landkreise.digital\/#organization"},"potentialAction":[{"@type":"SearchAction","target":{"@type":"EntryPoint","urlTemplate":"https:\/\/www.landkreise.digital\/?s={search_term_string}"},"query-input":{"@type":"PropertyValueSpecification","valueRequired":true,"valueName":"search_term_string"}}],"inLanguage":"de"},{"@type":"Organization","@id":"https:\/\/www.landkreise.digital\/#organization","name":"Projekt Smarte.Land.Regionen","url":"https:\/\/www.landkreise.digital\/","logo":{"@type":"ImageObject","inLanguage":"de","@id":"https:\/\/www.landkreise.digital\/#\/schema\/logo\/image\/","url":"https:\/\/www.landkreise.digital\/wp-content\/uploads\/sites\/21\/2023\/02\/Landschaftsbild.jpg","contentUrl":"https:\/\/www.landkreise.digital\/wp-content\/uploads\/sites\/21\/2023\/02\/Landschaftsbild.jpg","width":2000,"height":1333,"caption":"Projekt Smarte.Land.Regionen"},"image":{"@id":"https:\/\/www.landkreise.digital\/#\/schema\/logo\/image\/"},"sameAs":["https:\/\/www.facebook.com\/SLRegionen","https:\/\/x.com\/SLRegionen","https:\/\/www.linkedin.com\/in\/smarte-land-regionen\/"]},{"@type":"Person","@id":"https:\/\/www.landkreise.digital\/#\/schema\/person\/e51d50a41032f26e524af9aa49f2d058","name":"Annika Sema","image":{"@type":"ImageObject","inLanguage":"de","@id":"https:\/\/secure.gravatar.com\/avatar\/bd3f082fc8d8c85cd9124458035ada50c4448c993c3c6acaf8c8f5c82c3ffd38?s=96&d=mm&r=g","url":"https:\/\/secure.gravatar.com\/avatar\/bd3f082fc8d8c85cd9124458035ada50c4448c993c3c6acaf8c8f5c82c3ffd38?s=96&d=mm&r=g","contentUrl":"https:\/\/secure.gravatar.com\/avatar\/bd3f082fc8d8c85cd9124458035ada50c4448c993c3c6acaf8c8f5c82c3ffd38?s=96&d=mm&r=g","caption":"Annika Sema"},"url":"https:\/\/www.landkreise.digital\/index.php\/author\/sema\/"}]}},"_links":{"self":[{"href":"https:\/\/www.landkreise.digital\/index.php\/wp-json\/wp\/v2\/posts\/5720","targetHints":{"allow":["GET"]}}],"collection":[{"href":"https:\/\/www.landkreise.digital\/index.php\/wp-json\/wp\/v2\/posts"}],"about":[{"href":"https:\/\/www.landkreise.digital\/index.php\/wp-json\/wp\/v2\/types\/post"}],"author":[{"embeddable":true,"href":"https:\/\/www.landkreise.digital\/index.php\/wp-json\/wp\/v2\/users\/190"}],"replies":[{"embeddable":true,"href":"https:\/\/www.landkreise.digital\/index.php\/wp-json\/wp\/v2\/comments?post=5720"}],"version-history":[{"count":2,"href":"https:\/\/www.landkreise.digital\/index.php\/wp-json\/wp\/v2\/posts\/5720\/revisions"}],"predecessor-version":[{"id":6089,"href":"https:\/\/www.landkreise.digital\/index.php\/wp-json\/wp\/v2\/posts\/5720\/revisions\/6089"}],"wp:featuredmedia":[{"embeddable":true,"href":"https:\/\/www.landkreise.digital\/index.php\/wp-json\/wp\/v2\/media\/5721"}],"wp:attachment":[{"href":"https:\/\/www.landkreise.digital\/index.php\/wp-json\/wp\/v2\/media?parent=5720"}],"wp:term":[{"taxonomy":"category","embeddable":true,"href":"https:\/\/www.landkreise.digital\/index.php\/wp-json\/wp\/v2\/categories?post=5720"},{"taxonomy":"post_tag","embeddable":true,"href":"https:\/\/www.landkreise.digital\/index.php\/wp-json\/wp\/v2\/tags?post=5720"}],"curies":[{"name":"wp","href":"https:\/\/api.w.org\/{rel}","templated":true}]}}