{"id":5097,"date":"2023-02-24T08:43:55","date_gmt":"2023-02-24T08:43:55","guid":{"rendered":"https:\/\/www.landkreise.digital\/?p=5097"},"modified":"2023-02-24T08:43:55","modified_gmt":"2023-02-24T08:43:55","slug":"evaluation-gesundheit-pflege","status":"publish","type":"post","link":"https:\/\/www.landkreise.digital\/index.php\/2023\/02\/24\/evaluation-gesundheit-pflege\/","title":{"rendered":"Evaluation Gesundheit &amp; Pflege"},"content":{"rendered":"<h4>Erste Evaluationsergebnisse zu unserer L\u00f6sung im Handlungsfeld Gesundheit und Pflege<\/h4>\n<h4><img decoding=\"async\" class=\"lazyload aligncenter wp-image-5118 size-full\" src=\"https:\/\/www.landkreise.digital\/wp-content\/uploads\/sites\/21\/2023\/02\/MicrosoftTeams-image-1-scaled.jpg\" data-orig-src=\"https:\/\/www.landkreise.digital\/wp-content\/uploads\/sites\/21\/2023\/02\/MicrosoftTeams-image-1-scaled.jpg\" alt=\"Laptop, auf dem der Prototyp der L\u00f6sung zum Themenfeld Gesundheit und Pflege ge\u00f6ffnet ist\" width=\"2560\" height=\"1998\" srcset=\"data:image\/svg+xml,%3Csvg%20xmlns%3D%27http%3A%2F%2Fwww.w3.org%2F2000%2Fsvg%27%20width%3D%272560%27%20height%3D%271998%27%20viewBox%3D%270%200%202560%201998%27%3E%3Crect%20width%3D%272560%27%20height%3D%271998%27%20fill-opacity%3D%220%22%2F%3E%3C%2Fsvg%3E\" data-srcset=\"https:\/\/www.landkreise.digital\/wp-content\/uploads\/sites\/21\/2023\/02\/MicrosoftTeams-image-1-200x156.jpg 200w, https:\/\/www.landkreise.digital\/wp-content\/uploads\/sites\/21\/2023\/02\/MicrosoftTeams-image-1-300x234.jpg 300w, https:\/\/www.landkreise.digital\/wp-content\/uploads\/sites\/21\/2023\/02\/MicrosoftTeams-image-1-400x312.jpg 400w, https:\/\/www.landkreise.digital\/wp-content\/uploads\/sites\/21\/2023\/02\/MicrosoftTeams-image-1-600x468.jpg 600w, https:\/\/www.landkreise.digital\/wp-content\/uploads\/sites\/21\/2023\/02\/MicrosoftTeams-image-1-768x599.jpg 768w, https:\/\/www.landkreise.digital\/wp-content\/uploads\/sites\/21\/2023\/02\/MicrosoftTeams-image-1-800x624.jpg 800w, https:\/\/www.landkreise.digital\/wp-content\/uploads\/sites\/21\/2023\/02\/MicrosoftTeams-image-1-1024x799.jpg 1024w, https:\/\/www.landkreise.digital\/wp-content\/uploads\/sites\/21\/2023\/02\/MicrosoftTeams-image-1-1200x937.jpg 1200w, https:\/\/www.landkreise.digital\/wp-content\/uploads\/sites\/21\/2023\/02\/MicrosoftTeams-image-1-1536x1199.jpg 1536w, https:\/\/www.landkreise.digital\/wp-content\/uploads\/sites\/21\/2023\/02\/MicrosoftTeams-image-1-scaled.jpg 2560w\" data-sizes=\"auto\" data-orig-sizes=\"(max-width: 2560px) 100vw, 2560px\" \/><\/h4>\n<p>&nbsp;<\/p>\n<p><strong>Wir stellen euch in diesem Artikel unsere ersten Evaluationsergebnisse im Themenfeld Gesundheit und Pflege vor. Wie in der Beschreibung unserer <a href=\"https:\/\/www.landkreise.digital\/index.php\/2022\/11\/24\/loesungsidee-gesundheit-pflege\/\">L\u00f6sungsidee<\/a> erl\u00e4utert, arbeiten wir in diesem Handlungsfeld gemeinsam mit den Landkreisen L\u00f6rrach und Neustadt an der Waldnaab daran, einen gemeinsamen Dienst zu entwickeln. Nach zahlreichen \u00dcberlegungen \u00fcber eine m\u00f6gliche Umsetzung des Dienstes in den beiden Landkreisen haben wir in L\u00f6rrach im Oktober 2022 und in Neustadt an der Waldnaab im November 2022 einen ersten Prototypen evaluiert.<\/strong><\/p>\n<h5>Ausgangslage und Zielsetzung der Evaluation<\/h5>\n<p>Ziel unserer L\u00f6sung ist es, eine digitale Plattform zu schaffen, auf der gesundheitsbezogene Angebote und Unterst\u00fctzungen bereitgestellt und gefunden werden k\u00f6nnen. Anbieter und Nachfrager von regionalen Gesundheitsleistungen vernetzen sich dadurch digital.<\/p>\n<p>Hierbei soll die L\u00f6sung bereits in einem fr\u00fchen Entwicklungsstadium gemeinsam mit den beteiligten Landkreisen und zuk\u00fcnftigen Nutzergruppen evaluiert werden, um einen bedarfsorientierten Entwicklungsprozess sicherzustellen. Erste positive R\u00fcckmeldungen gab es bereits bei einem ersten Treffen des Trialogs, bei dem visuelle Designs der L\u00f6sung vorgestellt wurden.<\/p>\n<p>Darauf aufbauend verwendeten wir bei der Evaluation einen interaktiven, klickbaren und leichtgewichtigen Prototypen, um erneut Feedback einzuholen. Uns war es wichtig, fr\u00fch in der L\u00f6sungsentwicklungsphase das Designkonzept auch bei potenziellen Nutzern der L\u00f6sung zu evaluieren und m\u00f6gliche \u00c4nderungsbedarfe schnell abzuleiten. Ein spezielles Augenmerk legten wir auch auf die Erstellung von Angeboten. Um den Erstellungsprozess aus Sicht der Anbieter von gesundheitsbezogenen Leistungen bestm\u00f6glich zu testen, verwendeten wir einen papierbasierten Prototypen. Der verwendete Papierprototyp bestand aus verschiedenen Komponenten, um die Angebotserstellung ausgedruckt mittels Papier-Screens durchzuspielen. Eine beispielhafte ausgef\u00fcllte Angebotserstellung ist in Abbildung 1 zu sehen. M\u00f6gliche Komponenten umfassten hierbei z.B. ein Feld zur Beschreibung eines Angebotstitels oder zur Festlegung der Dauer eines Angebots. Auf der Basis der ausgedruckten Komponenten konnten hierdurch die interviewten Personen pr\u00e4ferierte Elemente ausw\u00e4hlen und in einer f\u00fcr sie optimalen Reihenfolge anordnen. Die Interviewten hatten zus\u00e4tzlich die M\u00f6glichkeit, eigene Komponenten zu erstellen und zu verwenden, um Informationen abzubilden, f\u00fcr die wir im Vorfeld keine eigenen Komponenten ber\u00fccksichtigt hatten.<\/p>\n<p>&nbsp;<\/p>\n<p><img decoding=\"async\" class=\"lazyload aligncenter wp-image-5119 size-full\" src=\"https:\/\/www.landkreise.digital\/wp-content\/uploads\/sites\/21\/2023\/02\/MicrosoftTeams-image-scaled-e1677157747882.jpg\" data-orig-src=\"https:\/\/www.landkreise.digital\/wp-content\/uploads\/sites\/21\/2023\/02\/MicrosoftTeams-image-scaled-e1677157747882.jpg\" alt=\"Papierprototyp der L\u00f6sung zum Themenfeld Gesundheit und Pflege\" width=\"1323\" height=\"1433\" srcset=\"data:image\/svg+xml,%3Csvg%20xmlns%3D%27http%3A%2F%2Fwww.w3.org%2F2000%2Fsvg%27%20width%3D%271323%27%20height%3D%271433%27%20viewBox%3D%270%200%201323%201433%27%3E%3Crect%20width%3D%271323%27%20height%3D%271433%27%20fill-opacity%3D%220%22%2F%3E%3C%2Fsvg%3E\" data-srcset=\"https:\/\/www.landkreise.digital\/wp-content\/uploads\/sites\/21\/2023\/02\/MicrosoftTeams-image-scaled-e1677157747882-200x217.jpg 200w, https:\/\/www.landkreise.digital\/wp-content\/uploads\/sites\/21\/2023\/02\/MicrosoftTeams-image-scaled-e1677157747882-277x300.jpg 277w, https:\/\/www.landkreise.digital\/wp-content\/uploads\/sites\/21\/2023\/02\/MicrosoftTeams-image-scaled-e1677157747882-400x433.jpg 400w, https:\/\/www.landkreise.digital\/wp-content\/uploads\/sites\/21\/2023\/02\/MicrosoftTeams-image-scaled-e1677157747882-600x650.jpg 600w, https:\/\/www.landkreise.digital\/wp-content\/uploads\/sites\/21\/2023\/02\/MicrosoftTeams-image-scaled-e1677157747882-768x832.jpg 768w, https:\/\/www.landkreise.digital\/wp-content\/uploads\/sites\/21\/2023\/02\/MicrosoftTeams-image-scaled-e1677157747882-800x867.jpg 800w, https:\/\/www.landkreise.digital\/wp-content\/uploads\/sites\/21\/2023\/02\/MicrosoftTeams-image-scaled-e1677157747882-945x1024.jpg 945w, https:\/\/www.landkreise.digital\/wp-content\/uploads\/sites\/21\/2023\/02\/MicrosoftTeams-image-scaled-e1677157747882-1200x1300.jpg 1200w, https:\/\/www.landkreise.digital\/wp-content\/uploads\/sites\/21\/2023\/02\/MicrosoftTeams-image-scaled-e1677157747882.jpg 1323w\" data-sizes=\"auto\" data-orig-sizes=\"(max-width: 1323px) 100vw, 1323px\" \/><\/p>\n<p style=\"text-align: left\">Abbildung 1: Eine mithilfe des papierbasierten Prototyps ausgef\u00fcllte Angebotserstellung.<\/p>\n<p>&nbsp;<\/p>\n<p>Bei der Evaluation fokussierten wir uns auf die Startseite, auf die verschiedenen Informationsseiten, die Profile und die Angebotserstellung sowie auf den Gesamteindruch der L\u00f6sung. In Neustadt an der Waldnaab lag der Fokus zus\u00e4tzlich auf der Erstellung und Wirkung des Buchungsprozesses.<\/p>\n<p>Die Ergebnisse der Evaluationen wurden anschlie\u00dfend vom Projektteam analysiert und aufbereitet, um m\u00f6gliche \u00c4nderungen im nachfolgenden Entwicklungsprozess umzusetzen.<\/p>\n<h5>Ablauf und Ergebnisse der Evaluation<\/h5>\n<p>Am ersten Tag in L\u00f6rrach f\u00fchrten wir mit verschiedenen potenziellen Anbietern auf der Netzwerkkonferenz Einzelinterviews durch. W\u00e4hrend der Einzelinterviews sollten die Teilnehmenden die Think-Aloud-Methode verwenden, um ihre Gedanken offen zu schildern. Bei dieser Methode sollen die Teilnehmenden ihre Eindr\u00fccke laut beschreiben, sodass m\u00f6glichst viele Eindr\u00fccke ungefiltert protokolliert werden k\u00f6nnen. W\u00e4hrend der Netzwerkkonferenz wurden neben den Einzelinterviews auch Gruppeninterviews durchgef\u00fchrt. Zus\u00e4tzlich erstellten die Teilnehmenden mithilfe des papierbasierten Prototypens beispielhafte Angebote. Am Nachmittag folgten Interviews mit den Mitarbeitenden des Landkreises aus Sicht der Projektverwaltung.<\/p>\n<p>An den restlichen beiden Tagen fanden dann weitere Einzelinterviews mit verschiedenen Anbietern statt. Auch hier erstellten die Teilnehmenden beispielhafte Angebote mithilfe des papierbasierten Prototyps.<\/p>\n<p>Insgesamt f\u00fchrten wir in L\u00f6rrach 20 Einzelinterviews und vier Gruppeninterviews. Au\u00dferdem wurden elf Beispielangebote erstellt.<\/p>\n<p>Am ersten Tag in Neustadt an der Waldnaab f\u00fchrten wir eine Evaluation mit Mitarbeitenden des Landkreises aus Sicht der Projektverwaltung durch. Die Interviews erfolgten als Einzelinterviews und wurden mithilfe des leichtgewichtigen Prototyps in Adobe XD evaluiert. W\u00e4hrend der Interviews sollten die Teilnehmer wieder die Think-Aloud-Methode anwenden.<\/p>\n<p>Danach erfolgte eine Evaluation in einer Vorlesung von Professor Sesselmann an der OTH Amberg-Weiden u.a. mit Studierenden der Studieng\u00e4nge Medizintechnik und Physician Assistance \u2013 Arztassistenz (PA). Die Evaluation f\u00fchrten wir mithilfe von Einzelfrageb\u00f6gen, Gruppeninterviews und sowohl dem klickbaren Prototypen als auch den papierbasierten Prototypen durch. Zus\u00e4tzlich skizzierten einige der Studierenden einen beispielhaften Buchungsprozess f\u00fcr Angebote. Dabei kam vor allem der papierbasierte Ansatz bei den Studierenden sehr gut an.<\/p>\n<p>Am zweiten Tag f\u00fchrten wir beim Bayrischen Roten Kreuz (BRK) Einzelinterviewgespr\u00e4che mit ambulanten Pflegekr\u00e4ften durch und stellten auch dort unseren Prototypen vor. Das BRK betreibt im Landkreis Neustadt an der Waldnaab mehrere Pflegeheime und bietet ambulante Pflegeleistungen an. Dort stand das Erstellen eines beispielhaften Angebots im Fokus sowie die Anwendbarkeit des Konzepts auf verschiedene Pflegeleistungen.<\/p>\n<p>In Neustadt an der Waldnaab f\u00fchrten wir insgesamt 18 Einzelinterviews und ebenfalls vier Gruppeninterviews. Hier erstellten die Teilnehmenden neun Beispielangebote und skizzierten drei Beispielbuchungsprozesse.<\/p>\n<p>Die Evaluation hat aufgezeigt, dass unsere L\u00f6sung auf dem richtigen Weg ist und insgesamt bei den Interviewten einen positiven Gesamteindruck hinterlassen hat. So wurde besonders auch die Projektidee gelobt. Es gab Kommentare wie: <strong>\u00bbMehrwerte f\u00fcr Landbev\u00f6lkerung, insbesondere \u00c4ltere gegeben\u00ab<\/strong> aus Neustadt an der Waldnaab und <strong>\u00bbGrundlegende Idee sinnvoll\u00ab<\/strong> aus L\u00f6rrach. Aber vor allem bei potenziellen Anbietern kam die L\u00f6sung sehr gut an:<\/p>\n<p><strong>\u00bbIch finde die Idee sehr n\u00f6tig und sehr gut. Auf die L\u00f6sung haben wir lange gewartet.\u00ab<\/strong><\/p>\n<p>Auch die Umsetzung hinterlie\u00df bei den Interviewten einen durchweg positiven Eindruck:<\/p>\n<p><strong>\u00bbGute L\u00f6sung f\u00fcr die Projektidee.\u00ab<\/strong><\/p>\n<p>So wurde neben der Bedienbarkeit der L\u00f6sung auch die generelle Darstellung gelobt. Die Teilnehmenden zeigten neben dem sehr positiven Feedback auch konstruktive \u00c4nderungsvorschl\u00e4ge auf und \u00e4u\u00dferten eigene W\u00fcnsche.<\/p>\n<h5>N\u00e4chste Schritte<\/h5>\n<p>Basierend auf den Ergebnissen der beiden Evaluationen in den Landkreisen L\u00f6rrach und Neustadt an der Waldnaab werden \u00c4nderungsvorschl\u00e4ge und -w\u00fcnsche abgeleitet und m\u00f6gliche Umsetzungen konzipiert. Die gewonnenen Erkenntnisse dienen zur weiteren L\u00f6sungsumsetzung und werden nun st\u00fcckweise in den Entwicklungsprozess eingebunden. Insgesamt zeigen die Ergebnisse ein positives Stimmungsbild gegen\u00fcber der bisherigen L\u00f6sungsumsetzung, die es weiterzuentwickeln gilt.<\/p>\n","protected":false},"excerpt":{"rendered":"<p>Im Oktober und im November besuchten wir die Landkreise L\u00f6rrach und Neustadt an der Waldnaab, um unsere L\u00f6sung im Themenfeld Gesundheit &amp; Pflege zu testen. Im Beitrag stellen wir die Evaluationsergebnisse vor.<\/p>\n","protected":false},"author":190,"featured_media":5118,"comment_status":"open","ping_status":"open","sticky":false,"template":"","format":"standard","meta":{"footnotes":""},"categories":[1],"tags":[],"class_list":["post-5097","post","type-post","status-publish","format-standard","has-post-thumbnail","hentry","category-uncategorized"],"yoast_head":"<!-- This site is optimized with the Yoast SEO plugin v27.5 - https:\/\/yoast.com\/product\/yoast-seo-wordpress\/ -->\n<title>Evaluation Gesundheit &amp; Pflege - Projekt Smarte.Land.Regionen<\/title>\n<meta name=\"description\" content=\"Im Beitrag stellen wir die ersten Evaluationsergebnisse unserer L\u00f6sung im Themenfeld Gesundheit &amp; Pflege vor.\" \/>\n<meta name=\"robots\" content=\"index, follow, max-snippet:-1, max-image-preview:large, max-video-preview:-1\" \/>\n<link rel=\"canonical\" href=\"https:\/\/www.landkreise.digital\/index.php\/2023\/02\/24\/evaluation-gesundheit-pflege\/\" \/>\n<meta property=\"og:locale\" content=\"de_DE\" \/>\n<meta property=\"og:type\" content=\"article\" \/>\n<meta property=\"og:title\" content=\"Evaluation Gesundheit &amp; Pflege - Projekt Smarte.Land.Regionen\" \/>\n<meta property=\"og:description\" content=\"Im Beitrag stellen wir die ersten Evaluationsergebnisse unserer L\u00f6sung im Themenfeld Gesundheit &amp; Pflege vor.\" \/>\n<meta property=\"og:url\" content=\"https:\/\/www.landkreise.digital\/index.php\/2023\/02\/24\/evaluation-gesundheit-pflege\/\" \/>\n<meta property=\"og:site_name\" content=\"Projekt Smarte.Land.Regionen\" \/>\n<meta property=\"article:publisher\" content=\"https:\/\/www.facebook.com\/SLRegionen\" \/>\n<meta property=\"article:published_time\" content=\"2023-02-24T08:43:55+00:00\" \/>\n<meta property=\"og:image\" content=\"https:\/\/www.landkreise.digital\/wp-content\/uploads\/sites\/21\/2023\/02\/MicrosoftTeams-image-1-scaled.jpg\" \/>\n\t<meta property=\"og:image:width\" content=\"2560\" \/>\n\t<meta property=\"og:image:height\" content=\"1998\" \/>\n\t<meta property=\"og:image:type\" content=\"image\/jpeg\" \/>\n<meta name=\"author\" content=\"Annika Sema\" \/>\n<meta name=\"twitter:card\" content=\"summary_large_image\" \/>\n<meta name=\"twitter:creator\" content=\"@SLRegionen\" \/>\n<meta name=\"twitter:site\" content=\"@SLRegionen\" \/>\n<meta name=\"twitter:label1\" content=\"Verfasst von\" \/>\n\t<meta name=\"twitter:data1\" content=\"Annika Sema\" \/>\n\t<meta name=\"twitter:label2\" content=\"Gesch\u00e4tzte Lesezeit\" \/>\n\t<meta name=\"twitter:data2\" content=\"6\u00a0Minuten\" \/>\n<script type=\"application\/ld+json\" class=\"yoast-schema-graph\">{\"@context\":\"https:\\\/\\\/schema.org\",\"@graph\":[{\"@type\":\"Article\",\"@id\":\"https:\\\/\\\/www.landkreise.digital\\\/index.php\\\/2023\\\/02\\\/24\\\/evaluation-gesundheit-pflege\\\/#article\",\"isPartOf\":{\"@id\":\"https:\\\/\\\/www.landkreise.digital\\\/index.php\\\/2023\\\/02\\\/24\\\/evaluation-gesundheit-pflege\\\/\"},\"author\":{\"name\":\"Annika Sema\",\"@id\":\"https:\\\/\\\/www.landkreise.digital\\\/#\\\/schema\\\/person\\\/e51d50a41032f26e524af9aa49f2d058\"},\"headline\":\"Evaluation Gesundheit &amp; Pflege\",\"datePublished\":\"2023-02-24T08:43:55+00:00\",\"mainEntityOfPage\":{\"@id\":\"https:\\\/\\\/www.landkreise.digital\\\/index.php\\\/2023\\\/02\\\/24\\\/evaluation-gesundheit-pflege\\\/\"},\"wordCount\":971,\"commentCount\":0,\"publisher\":{\"@id\":\"https:\\\/\\\/www.landkreise.digital\\\/#organization\"},\"image\":{\"@id\":\"https:\\\/\\\/www.landkreise.digital\\\/index.php\\\/2023\\\/02\\\/24\\\/evaluation-gesundheit-pflege\\\/#primaryimage\"},\"thumbnailUrl\":\"https:\\\/\\\/www.landkreise.digital\\\/wp-content\\\/uploads\\\/sites\\\/21\\\/2023\\\/02\\\/MicrosoftTeams-image-1-scaled.jpg\",\"articleSection\":[\"Uncategorized\"],\"inLanguage\":\"de\",\"potentialAction\":[{\"@type\":\"CommentAction\",\"name\":\"Comment\",\"target\":[\"https:\\\/\\\/www.landkreise.digital\\\/index.php\\\/2023\\\/02\\\/24\\\/evaluation-gesundheit-pflege\\\/#respond\"]}]},{\"@type\":\"WebPage\",\"@id\":\"https:\\\/\\\/www.landkreise.digital\\\/index.php\\\/2023\\\/02\\\/24\\\/evaluation-gesundheit-pflege\\\/\",\"url\":\"https:\\\/\\\/www.landkreise.digital\\\/index.php\\\/2023\\\/02\\\/24\\\/evaluation-gesundheit-pflege\\\/\",\"name\":\"Evaluation Gesundheit &amp; Pflege - Projekt Smarte.Land.Regionen\",\"isPartOf\":{\"@id\":\"https:\\\/\\\/www.landkreise.digital\\\/#website\"},\"primaryImageOfPage\":{\"@id\":\"https:\\\/\\\/www.landkreise.digital\\\/index.php\\\/2023\\\/02\\\/24\\\/evaluation-gesundheit-pflege\\\/#primaryimage\"},\"image\":{\"@id\":\"https:\\\/\\\/www.landkreise.digital\\\/index.php\\\/2023\\\/02\\\/24\\\/evaluation-gesundheit-pflege\\\/#primaryimage\"},\"thumbnailUrl\":\"https:\\\/\\\/www.landkreise.digital\\\/wp-content\\\/uploads\\\/sites\\\/21\\\/2023\\\/02\\\/MicrosoftTeams-image-1-scaled.jpg\",\"datePublished\":\"2023-02-24T08:43:55+00:00\",\"description\":\"Im Beitrag stellen wir die ersten Evaluationsergebnisse unserer L\u00f6sung im Themenfeld Gesundheit & Pflege vor.\",\"breadcrumb\":{\"@id\":\"https:\\\/\\\/www.landkreise.digital\\\/index.php\\\/2023\\\/02\\\/24\\\/evaluation-gesundheit-pflege\\\/#breadcrumb\"},\"inLanguage\":\"de\",\"potentialAction\":[{\"@type\":\"ReadAction\",\"target\":[\"https:\\\/\\\/www.landkreise.digital\\\/index.php\\\/2023\\\/02\\\/24\\\/evaluation-gesundheit-pflege\\\/\"]}]},{\"@type\":\"ImageObject\",\"inLanguage\":\"de\",\"@id\":\"https:\\\/\\\/www.landkreise.digital\\\/index.php\\\/2023\\\/02\\\/24\\\/evaluation-gesundheit-pflege\\\/#primaryimage\",\"url\":\"https:\\\/\\\/www.landkreise.digital\\\/wp-content\\\/uploads\\\/sites\\\/21\\\/2023\\\/02\\\/MicrosoftTeams-image-1-scaled.jpg\",\"contentUrl\":\"https:\\\/\\\/www.landkreise.digital\\\/wp-content\\\/uploads\\\/sites\\\/21\\\/2023\\\/02\\\/MicrosoftTeams-image-1-scaled.jpg\",\"width\":2560,\"height\":1998,\"caption\":\"Laptop, auf dem der Prototyp der L\u00f6sung zum Themenfeld Gesundheit und Pflege ge\u00f6ffnet ist\"},{\"@type\":\"BreadcrumbList\",\"@id\":\"https:\\\/\\\/www.landkreise.digital\\\/index.php\\\/2023\\\/02\\\/24\\\/evaluation-gesundheit-pflege\\\/#breadcrumb\",\"itemListElement\":[{\"@type\":\"ListItem\",\"position\":1,\"name\":\"Home\",\"item\":\"https:\\\/\\\/www.landkreise.digital\\\/\"},{\"@type\":\"ListItem\",\"position\":2,\"name\":\"Evaluation Gesundheit &amp; Pflege\"}]},{\"@type\":\"WebSite\",\"@id\":\"https:\\\/\\\/www.landkreise.digital\\\/#website\",\"url\":\"https:\\\/\\\/www.landkreise.digital\\\/\",\"name\":\"Projekt Smarte.Land.Regionen\",\"description\":\"Digitale L\u00f6sungen f\u00fcrs Land\",\"publisher\":{\"@id\":\"https:\\\/\\\/www.landkreise.digital\\\/#organization\"},\"potentialAction\":[{\"@type\":\"SearchAction\",\"target\":{\"@type\":\"EntryPoint\",\"urlTemplate\":\"https:\\\/\\\/www.landkreise.digital\\\/?s={search_term_string}\"},\"query-input\":{\"@type\":\"PropertyValueSpecification\",\"valueRequired\":true,\"valueName\":\"search_term_string\"}}],\"inLanguage\":\"de\"},{\"@type\":\"Organization\",\"@id\":\"https:\\\/\\\/www.landkreise.digital\\\/#organization\",\"name\":\"Projekt Smarte.Land.Regionen\",\"url\":\"https:\\\/\\\/www.landkreise.digital\\\/\",\"logo\":{\"@type\":\"ImageObject\",\"inLanguage\":\"de\",\"@id\":\"https:\\\/\\\/www.landkreise.digital\\\/#\\\/schema\\\/logo\\\/image\\\/\",\"url\":\"https:\\\/\\\/www.landkreise.digital\\\/wp-content\\\/uploads\\\/sites\\\/21\\\/2023\\\/02\\\/Landschaftsbild.jpg\",\"contentUrl\":\"https:\\\/\\\/www.landkreise.digital\\\/wp-content\\\/uploads\\\/sites\\\/21\\\/2023\\\/02\\\/Landschaftsbild.jpg\",\"width\":2000,\"height\":1333,\"caption\":\"Projekt Smarte.Land.Regionen\"},\"image\":{\"@id\":\"https:\\\/\\\/www.landkreise.digital\\\/#\\\/schema\\\/logo\\\/image\\\/\"},\"sameAs\":[\"https:\\\/\\\/www.facebook.com\\\/SLRegionen\",\"https:\\\/\\\/x.com\\\/SLRegionen\",\"https:\\\/\\\/www.linkedin.com\\\/in\\\/smarte-land-regionen\\\/\"]},{\"@type\":\"Person\",\"@id\":\"https:\\\/\\\/www.landkreise.digital\\\/#\\\/schema\\\/person\\\/e51d50a41032f26e524af9aa49f2d058\",\"name\":\"Annika Sema\",\"image\":{\"@type\":\"ImageObject\",\"inLanguage\":\"de\",\"@id\":\"https:\\\/\\\/secure.gravatar.com\\\/avatar\\\/bd3f082fc8d8c85cd9124458035ada50c4448c993c3c6acaf8c8f5c82c3ffd38?s=96&d=mm&r=g\",\"url\":\"https:\\\/\\\/secure.gravatar.com\\\/avatar\\\/bd3f082fc8d8c85cd9124458035ada50c4448c993c3c6acaf8c8f5c82c3ffd38?s=96&d=mm&r=g\",\"contentUrl\":\"https:\\\/\\\/secure.gravatar.com\\\/avatar\\\/bd3f082fc8d8c85cd9124458035ada50c4448c993c3c6acaf8c8f5c82c3ffd38?s=96&d=mm&r=g\",\"caption\":\"Annika Sema\"},\"url\":\"https:\\\/\\\/www.landkreise.digital\\\/index.php\\\/author\\\/sema\\\/\"}]}<\/script>\n<!-- \/ Yoast SEO plugin. -->","yoast_head_json":{"title":"Evaluation Gesundheit &amp; Pflege - Projekt Smarte.Land.Regionen","description":"Im Beitrag stellen wir die ersten Evaluationsergebnisse unserer L\u00f6sung im Themenfeld Gesundheit & Pflege vor.","robots":{"index":"index","follow":"follow","max-snippet":"max-snippet:-1","max-image-preview":"max-image-preview:large","max-video-preview":"max-video-preview:-1"},"canonical":"https:\/\/www.landkreise.digital\/index.php\/2023\/02\/24\/evaluation-gesundheit-pflege\/","og_locale":"de_DE","og_type":"article","og_title":"Evaluation Gesundheit &amp; Pflege - Projekt Smarte.Land.Regionen","og_description":"Im Beitrag stellen wir die ersten Evaluationsergebnisse unserer L\u00f6sung im Themenfeld Gesundheit & Pflege vor.","og_url":"https:\/\/www.landkreise.digital\/index.php\/2023\/02\/24\/evaluation-gesundheit-pflege\/","og_site_name":"Projekt Smarte.Land.Regionen","article_publisher":"https:\/\/www.facebook.com\/SLRegionen","article_published_time":"2023-02-24T08:43:55+00:00","og_image":[{"width":2560,"height":1998,"url":"https:\/\/www.landkreise.digital\/wp-content\/uploads\/sites\/21\/2023\/02\/MicrosoftTeams-image-1-scaled.jpg","type":"image\/jpeg"}],"author":"Annika Sema","twitter_card":"summary_large_image","twitter_creator":"@SLRegionen","twitter_site":"@SLRegionen","twitter_misc":{"Verfasst von":"Annika Sema","Gesch\u00e4tzte Lesezeit":"6\u00a0Minuten"},"schema":{"@context":"https:\/\/schema.org","@graph":[{"@type":"Article","@id":"https:\/\/www.landkreise.digital\/index.php\/2023\/02\/24\/evaluation-gesundheit-pflege\/#article","isPartOf":{"@id":"https:\/\/www.landkreise.digital\/index.php\/2023\/02\/24\/evaluation-gesundheit-pflege\/"},"author":{"name":"Annika Sema","@id":"https:\/\/www.landkreise.digital\/#\/schema\/person\/e51d50a41032f26e524af9aa49f2d058"},"headline":"Evaluation Gesundheit &amp; Pflege","datePublished":"2023-02-24T08:43:55+00:00","mainEntityOfPage":{"@id":"https:\/\/www.landkreise.digital\/index.php\/2023\/02\/24\/evaluation-gesundheit-pflege\/"},"wordCount":971,"commentCount":0,"publisher":{"@id":"https:\/\/www.landkreise.digital\/#organization"},"image":{"@id":"https:\/\/www.landkreise.digital\/index.php\/2023\/02\/24\/evaluation-gesundheit-pflege\/#primaryimage"},"thumbnailUrl":"https:\/\/www.landkreise.digital\/wp-content\/uploads\/sites\/21\/2023\/02\/MicrosoftTeams-image-1-scaled.jpg","articleSection":["Uncategorized"],"inLanguage":"de","potentialAction":[{"@type":"CommentAction","name":"Comment","target":["https:\/\/www.landkreise.digital\/index.php\/2023\/02\/24\/evaluation-gesundheit-pflege\/#respond"]}]},{"@type":"WebPage","@id":"https:\/\/www.landkreise.digital\/index.php\/2023\/02\/24\/evaluation-gesundheit-pflege\/","url":"https:\/\/www.landkreise.digital\/index.php\/2023\/02\/24\/evaluation-gesundheit-pflege\/","name":"Evaluation Gesundheit &amp; Pflege - Projekt Smarte.Land.Regionen","isPartOf":{"@id":"https:\/\/www.landkreise.digital\/#website"},"primaryImageOfPage":{"@id":"https:\/\/www.landkreise.digital\/index.php\/2023\/02\/24\/evaluation-gesundheit-pflege\/#primaryimage"},"image":{"@id":"https:\/\/www.landkreise.digital\/index.php\/2023\/02\/24\/evaluation-gesundheit-pflege\/#primaryimage"},"thumbnailUrl":"https:\/\/www.landkreise.digital\/wp-content\/uploads\/sites\/21\/2023\/02\/MicrosoftTeams-image-1-scaled.jpg","datePublished":"2023-02-24T08:43:55+00:00","description":"Im Beitrag stellen wir die ersten Evaluationsergebnisse unserer L\u00f6sung im Themenfeld Gesundheit & Pflege vor.","breadcrumb":{"@id":"https:\/\/www.landkreise.digital\/index.php\/2023\/02\/24\/evaluation-gesundheit-pflege\/#breadcrumb"},"inLanguage":"de","potentialAction":[{"@type":"ReadAction","target":["https:\/\/www.landkreise.digital\/index.php\/2023\/02\/24\/evaluation-gesundheit-pflege\/"]}]},{"@type":"ImageObject","inLanguage":"de","@id":"https:\/\/www.landkreise.digital\/index.php\/2023\/02\/24\/evaluation-gesundheit-pflege\/#primaryimage","url":"https:\/\/www.landkreise.digital\/wp-content\/uploads\/sites\/21\/2023\/02\/MicrosoftTeams-image-1-scaled.jpg","contentUrl":"https:\/\/www.landkreise.digital\/wp-content\/uploads\/sites\/21\/2023\/02\/MicrosoftTeams-image-1-scaled.jpg","width":2560,"height":1998,"caption":"Laptop, auf dem der Prototyp der L\u00f6sung zum Themenfeld Gesundheit und Pflege ge\u00f6ffnet ist"},{"@type":"BreadcrumbList","@id":"https:\/\/www.landkreise.digital\/index.php\/2023\/02\/24\/evaluation-gesundheit-pflege\/#breadcrumb","itemListElement":[{"@type":"ListItem","position":1,"name":"Home","item":"https:\/\/www.landkreise.digital\/"},{"@type":"ListItem","position":2,"name":"Evaluation Gesundheit &amp; Pflege"}]},{"@type":"WebSite","@id":"https:\/\/www.landkreise.digital\/#website","url":"https:\/\/www.landkreise.digital\/","name":"Projekt Smarte.Land.Regionen","description":"Digitale L\u00f6sungen f\u00fcrs Land","publisher":{"@id":"https:\/\/www.landkreise.digital\/#organization"},"potentialAction":[{"@type":"SearchAction","target":{"@type":"EntryPoint","urlTemplate":"https:\/\/www.landkreise.digital\/?s={search_term_string}"},"query-input":{"@type":"PropertyValueSpecification","valueRequired":true,"valueName":"search_term_string"}}],"inLanguage":"de"},{"@type":"Organization","@id":"https:\/\/www.landkreise.digital\/#organization","name":"Projekt Smarte.Land.Regionen","url":"https:\/\/www.landkreise.digital\/","logo":{"@type":"ImageObject","inLanguage":"de","@id":"https:\/\/www.landkreise.digital\/#\/schema\/logo\/image\/","url":"https:\/\/www.landkreise.digital\/wp-content\/uploads\/sites\/21\/2023\/02\/Landschaftsbild.jpg","contentUrl":"https:\/\/www.landkreise.digital\/wp-content\/uploads\/sites\/21\/2023\/02\/Landschaftsbild.jpg","width":2000,"height":1333,"caption":"Projekt Smarte.Land.Regionen"},"image":{"@id":"https:\/\/www.landkreise.digital\/#\/schema\/logo\/image\/"},"sameAs":["https:\/\/www.facebook.com\/SLRegionen","https:\/\/x.com\/SLRegionen","https:\/\/www.linkedin.com\/in\/smarte-land-regionen\/"]},{"@type":"Person","@id":"https:\/\/www.landkreise.digital\/#\/schema\/person\/e51d50a41032f26e524af9aa49f2d058","name":"Annika Sema","image":{"@type":"ImageObject","inLanguage":"de","@id":"https:\/\/secure.gravatar.com\/avatar\/bd3f082fc8d8c85cd9124458035ada50c4448c993c3c6acaf8c8f5c82c3ffd38?s=96&d=mm&r=g","url":"https:\/\/secure.gravatar.com\/avatar\/bd3f082fc8d8c85cd9124458035ada50c4448c993c3c6acaf8c8f5c82c3ffd38?s=96&d=mm&r=g","contentUrl":"https:\/\/secure.gravatar.com\/avatar\/bd3f082fc8d8c85cd9124458035ada50c4448c993c3c6acaf8c8f5c82c3ffd38?s=96&d=mm&r=g","caption":"Annika Sema"},"url":"https:\/\/www.landkreise.digital\/index.php\/author\/sema\/"}]}},"_links":{"self":[{"href":"https:\/\/www.landkreise.digital\/index.php\/wp-json\/wp\/v2\/posts\/5097","targetHints":{"allow":["GET"]}}],"collection":[{"href":"https:\/\/www.landkreise.digital\/index.php\/wp-json\/wp\/v2\/posts"}],"about":[{"href":"https:\/\/www.landkreise.digital\/index.php\/wp-json\/wp\/v2\/types\/post"}],"author":[{"embeddable":true,"href":"https:\/\/www.landkreise.digital\/index.php\/wp-json\/wp\/v2\/users\/190"}],"replies":[{"embeddable":true,"href":"https:\/\/www.landkreise.digital\/index.php\/wp-json\/wp\/v2\/comments?post=5097"}],"version-history":[{"count":21,"href":"https:\/\/www.landkreise.digital\/index.php\/wp-json\/wp\/v2\/posts\/5097\/revisions"}],"predecessor-version":[{"id":5113,"href":"https:\/\/www.landkreise.digital\/index.php\/wp-json\/wp\/v2\/posts\/5097\/revisions\/5113"}],"wp:featuredmedia":[{"embeddable":true,"href":"https:\/\/www.landkreise.digital\/index.php\/wp-json\/wp\/v2\/media\/5118"}],"wp:attachment":[{"href":"https:\/\/www.landkreise.digital\/index.php\/wp-json\/wp\/v2\/media?parent=5097"}],"wp:term":[{"taxonomy":"category","embeddable":true,"href":"https:\/\/www.landkreise.digital\/index.php\/wp-json\/wp\/v2\/categories?post=5097"},{"taxonomy":"post_tag","embeddable":true,"href":"https:\/\/www.landkreise.digital\/index.php\/wp-json\/wp\/v2\/tags?post=5097"}],"curies":[{"name":"wp","href":"https:\/\/api.w.org\/{rel}","templated":true}]}}