{"id":4932,"date":"2022-11-04T07:24:26","date_gmt":"2022-11-04T07:24:26","guid":{"rendered":"https:\/\/www.landkreise.digital\/?p=4932"},"modified":"2022-11-29T12:52:07","modified_gmt":"2022-11-29T12:52:07","slug":"anbieterworkshops-vg","status":"publish","type":"post","link":"https:\/\/www.landkreise.digital\/index.php\/2022\/11\/04\/anbieterworkshops-vg\/","title":{"rendered":"Anbieterworkshops f\u00fcr kuubu"},"content":{"rendered":"<div class=\"fusion-fullwidth fullwidth-box fusion-builder-row-1 fusion-flex-container nonhundred-percent-fullwidth non-hundred-percent-height-scrolling\" style=\"background-color: rgba(255,255,255,0);background-position: center center;background-repeat: no-repeat;border-width: 0px 0px 0px 0px;border-color:#eae9e9;border-style:solid;\" ><div class=\"fusion-builder-row fusion-row fusion-flex-align-items-flex-start\" style=\"max-width:1144px;margin-left: calc(-4% \/ 2 );margin-right: calc(-4% \/ 2 );\"><div class=\"fusion-layout-column fusion_builder_column fusion-builder-column-0 fusion_builder_column_1_1 1_1 fusion-flex-column\"><div class=\"fusion-column-wrapper fusion-flex-justify-content-flex-start fusion-content-layout-column\" style=\"background-position:left top;background-blend-mode: overlay;background-repeat:no-repeat;-webkit-background-size:cover;-moz-background-size:cover;-o-background-size:cover;background-size:cover;padding: 0px 0px 0px 0px;\"><div class=\"fusion-text fusion-text-1\"><h4 class=\"fusion-responsive-typography-calculated\" style=\"--fontsize: 28;line-height: 1.87;--minfontsize: 28\" data-fontsize=\"28\" data-lineheight=\"52.36px\">Anbieterworkshops in Vorpommern-Greifswald<\/h4>\n<p><img decoding=\"async\" class=\"lazyload aligncenter size-full wp-image-4935\" src=\"https:\/\/www.landkreise.digital\/wp-content\/uploads\/sites\/21\/2022\/11\/VG_kuubu.png\" data-orig-src=\"https:\/\/www.landkreise.digital\/wp-content\/uploads\/sites\/21\/2022\/11\/VG_kuubu.png\" alt=\"Zeichnung einer Person, die vor ihrem Bidlschirm sitzt und sich die kuubu l\u00f6sung anschaut.\" width=\"1920\" height=\"1080\" srcset=\"data:image\/svg+xml,%3Csvg%20xmlns%3D%27http%3A%2F%2Fwww.w3.org%2F2000%2Fsvg%27%20width%3D%271920%27%20height%3D%271080%27%20viewBox%3D%270%200%201920%201080%27%3E%3Crect%20width%3D%271920%27%20height%3D%271080%27%20fill-opacity%3D%220%22%2F%3E%3C%2Fsvg%3E\" data-srcset=\"https:\/\/www.landkreise.digital\/wp-content\/uploads\/sites\/21\/2022\/11\/VG_kuubu-200x113.png 200w, https:\/\/www.landkreise.digital\/wp-content\/uploads\/sites\/21\/2022\/11\/VG_kuubu-300x169.png 300w, https:\/\/www.landkreise.digital\/wp-content\/uploads\/sites\/21\/2022\/11\/VG_kuubu-400x225.png 400w, https:\/\/www.landkreise.digital\/wp-content\/uploads\/sites\/21\/2022\/11\/VG_kuubu-600x338.png 600w, https:\/\/www.landkreise.digital\/wp-content\/uploads\/sites\/21\/2022\/11\/VG_kuubu-768x432.png 768w, https:\/\/www.landkreise.digital\/wp-content\/uploads\/sites\/21\/2022\/11\/VG_kuubu-800x450.png 800w, https:\/\/www.landkreise.digital\/wp-content\/uploads\/sites\/21\/2022\/11\/VG_kuubu-1024x576.png 1024w, https:\/\/www.landkreise.digital\/wp-content\/uploads\/sites\/21\/2022\/11\/VG_kuubu-1200x675.png 1200w, https:\/\/www.landkreise.digital\/wp-content\/uploads\/sites\/21\/2022\/11\/VG_kuubu-1536x864.png 1536w, https:\/\/www.landkreise.digital\/wp-content\/uploads\/sites\/21\/2022\/11\/VG_kuubu.png 1920w\" data-sizes=\"auto\" data-orig-sizes=\"(max-width: 1920px) 100vw, 1920px\" \/><\/p>\n<p><strong>Am 27. Oktober 2022 fand der Launch unserer Anwendung im Handlungsfeld Gemeinschaft und Ehrenamt in Vorpommern-Greifswald statt. Hier soll <a href=\"https:\/\/www.kreis-vg.de\/Digitalisierung\/Digitaler-Dienst\/\">kuubu<\/a> es Kindertagesst\u00e4tten erm\u00f6glichen, Angebote von Kultureinrichtungen, Vereinen und Ehrenamtlichen trotz der gro\u00dfen Entfernungen innerhalb des Landkreises wahrnehmen zu k\u00f6nnen. Ein Vermittlungsdienst wie kuubu lebt von den angebotenen Inhalten. Damit bereits zum Start viele attraktive Angebote f\u00fcr die Kitas verf\u00fcgbar sind, m\u00f6chten wir fr\u00fch passende Anbieter mit ihren Angeboten einbeziehen. Daher haben wir Mitte August zusammen mit dem Landkreis Vorpommern-Greifswald und Prognos Workshops mit potenziellen Anbietern von Wissensangeboten f\u00fcr Kindergartenkinder durchgef\u00fchrt.<\/strong><\/p>\n<p>Als Anbieter nahmen Museen, Verb\u00e4nde und Personen aus verschiedenen \u00f6ffentlichen Einrichtungen teil. Die Organisationen kamen zum ersten Mal in Kontakt mit kuubu und dem Anwendungsfall in Vorpommern-Greifswald und hatten die M\u00f6glichkeit, ihre Profile und Angebote in kuubu zu erstellen.<\/p>\n<p>Unser Bericht von der letzten Evaluation im Landkreis ist im Blogbeitrag \u00bb<a href=\"https:\/\/www.landkreise.digital\/index.php\/2022\/08\/19\/kuubu-2-evaluation\/\">2. Evaluation in Vorpommern-Greifswald<\/a>\u00ab abrufbar.<\/p>\n<h5 class=\"fusion-responsive-typography-calculated\" style=\"--fontsize: 24;line-height: 1.85;--minfontsize: 24\" data-fontsize=\"24\" data-lineheight=\"44.4px\">Ablauf der Workshops<\/h5>\n<p>Jeder Workshop begann mit dem Kennenlernen der Teilnehmenden. Hierbei wurde der Fokus darauf gelegt, welchen Bezug die Anbieter bisher zu Kitas haben. Danach wurden das Gesamtprojekt Smarte.Land.Regionen, die L\u00f6sung im Handlungsfeld Gemeinschaft und Ehrenamt und der Anwendungsfall in Vorpommern-Greifswald vorgestellt. Nach einer kurzen Vorstellung der Seite legten die Anbieter ihre Organisationsprofile in kuubu an.<\/p>\n<p>Der Fokus der Workshops lag auf der Erarbeitung von Angeboten f\u00fcr Kitas. Viele der Teilnehmenden haben bereits ein breites Portfolio an verschiedenen Bildungsangeboten und sind Multiplikatoren, um Kontakt zu weiteren Anbietern herzustellen, um so weitere gute Bildungsangebote f\u00fcr Kitas zu identifizieren. Durch die Gr\u00f6\u00dfe des Landkreises ist es nicht immer m\u00f6glich, Angebote vor Ort zu besuchen. Daher sollen mit dem Projekt zuk\u00fcnftig mehr Angebote erarbeitet und bekannt gemacht werden, bei denen Anbieter die Kitas besuchen (mobile Angebote) oder die als Live-Stream bzw. Video ortsunabh\u00e4ngig stattfinden (Online-Angebote). So wurde mit den Teilnehmenden gesammelt, welche Angebote (vor Ort, mobil und online) bereits existieren und wie diese auch in einem anderen Format angeboten werden k\u00f6nnten. Anschlie\u00dfend begannen die Teilnehmenden damit, ihre Angebote in das Portal einzupflegen.<\/p>\n<p>W\u00e4hrend die Anbieter das Portal nutzten und ihre Profile und Angebote erstellten, stand ihnen immer eine Person aus dem Team beiseite. So entstand ein reger Austausch und wir konnten auch zahlreiches Feedback zu kuubu sammeln. Obwohl noch eine fr\u00fche Version der Anwendung verwendet wurde, wurde der Gesamteindruck von den Teilnehmenden durchweg als positiv beschrieben. Auch unser Fazit des Workshops am Ende fiel positiv aus.<\/p>\n<h4 class=\"fusion-responsive-typography-calculated\" style=\"--fontsize: 28;line-height: 1.87;--minfontsize: 28\" data-fontsize=\"28\" data-lineheight=\"52.36px\">Ergebnis<\/h4>\n<p>In den Tagen nach dem Workshop wurden von den Anbietern weitere Angebote eingestellt. Dar\u00fcber hinaus konnten wir wertvolles Feedback und Vorschl\u00e4ge der Anbieter sammeln und entdeckten den einen oder anderen Fehler.<\/p>\n<p><img decoding=\"async\" class=\"lazyload aligncenter size-full wp-image-4934\" src=\"https:\/\/www.landkreise.digital\/wp-content\/uploads\/sites\/21\/2022\/11\/kuubu-Seite-von-Vorpommern-Greifswald.png\" data-orig-src=\"https:\/\/www.landkreise.digital\/wp-content\/uploads\/sites\/21\/2022\/11\/kuubu-Seite-von-Vorpommern-Greifswald.png\" alt=\"Screenshot der kuubu-Angebotsseite von Vorpommern-Greifswald. Es sind sechs Angebote mit Bildern von verschiedenen Anbietern zu sehen.\" width=\"1100\" height=\"1074\" srcset=\"data:image\/svg+xml,%3Csvg%20xmlns%3D%27http%3A%2F%2Fwww.w3.org%2F2000%2Fsvg%27%20width%3D%271100%27%20height%3D%271074%27%20viewBox%3D%270%200%201100%201074%27%3E%3Crect%20width%3D%271100%27%20height%3D%271074%27%20fill-opacity%3D%220%22%2F%3E%3C%2Fsvg%3E\" data-srcset=\"https:\/\/www.landkreise.digital\/wp-content\/uploads\/sites\/21\/2022\/11\/kuubu-Seite-von-Vorpommern-Greifswald-200x195.png 200w, https:\/\/www.landkreise.digital\/wp-content\/uploads\/sites\/21\/2022\/11\/kuubu-Seite-von-Vorpommern-Greifswald-300x293.png 300w, https:\/\/www.landkreise.digital\/wp-content\/uploads\/sites\/21\/2022\/11\/kuubu-Seite-von-Vorpommern-Greifswald-400x391.png 400w, https:\/\/www.landkreise.digital\/wp-content\/uploads\/sites\/21\/2022\/11\/kuubu-Seite-von-Vorpommern-Greifswald-600x586.png 600w, https:\/\/www.landkreise.digital\/wp-content\/uploads\/sites\/21\/2022\/11\/kuubu-Seite-von-Vorpommern-Greifswald-768x750.png 768w, https:\/\/www.landkreise.digital\/wp-content\/uploads\/sites\/21\/2022\/11\/kuubu-Seite-von-Vorpommern-Greifswald-800x781.png 800w, https:\/\/www.landkreise.digital\/wp-content\/uploads\/sites\/21\/2022\/11\/kuubu-Seite-von-Vorpommern-Greifswald-1024x1000.png 1024w, https:\/\/www.landkreise.digital\/wp-content\/uploads\/sites\/21\/2022\/11\/kuubu-Seite-von-Vorpommern-Greifswald.png 1100w\" data-sizes=\"auto\" data-orig-sizes=\"(max-width: 1100px) 100vw, 1100px\" \/><\/p>\n<p>Abbildung: Eine Auswahl der neuen Angebote auf der kuubu-Seite von Vorpommern-Greifswald<\/p>\n<p>Die Anbieter sehen in der Teilnahme am Projekt die wertvolle Chance, f\u00fcr die Menschen im Landkreis sichtbarer zu werden. Au\u00dferdem besteht die Hoffnung, Synergieeffekte der Anbieter untereinander zu erzeugen, wodurch neue mobile Angebote und Online-Angebote entstehen k\u00f6nnten. Auch wenn nicht alle Teilnehmenden im Workshop Angebote erstellten, haben wir Multiplikatoren gewonnen, die weitere Anbieter \u00fcber kuubu informieren und das Projekt im Landkreis verbreiten k\u00f6nnen.<\/p>\n<h5 class=\"fusion-responsive-typography-calculated\" style=\"--fontsize: 24;line-height: 1.85;--minfontsize: 24\" data-fontsize=\"24\" data-lineheight=\"44.4px\">N\u00e4chste Schritte<\/h5>\n<p>Nun geht es in den Endspurt zum Start der Anwendung in Vorpommern-Greifswald. Wir werden weiterhin Formate anbieten, um Anbieter in das Projekt einzuf\u00fchren.<\/p>\n<p>Wenn Sie Angebote f\u00fcr Kindertagesst\u00e4tten in Vorpommern-Greifswald anbieten m\u00f6chten oder entsprechende Organisationen oder Personen kennen, melden Sie sich gerne unter <a href=\"mailto:digital@kreis-vg.de\">digital@kreis-vg.de<\/a>!<\/p>\n<p>kuubu lebt von Angeboten in der Region. Kennen Sie einen Verein, ein Unternehmen oder eine andere Institution, die Kindergartenkindern wertvolle Angebote erm\u00f6glichen k\u00f6nnen? Machen Sie sie gerne auf kuubu aufmerksam.<\/p>\n<p>Wir freuen uns \u00fcber Ihre Unterst\u00fctzung und viele weitere interessante Partner!<\/p>\n<\/div><\/div><style type=\"text\/css\">.fusion-body .fusion-builder-column-0{width:100% !important;margin-top : 0px;margin-bottom : 0px;}.fusion-builder-column-0 > .fusion-column-wrapper {padding-top : 0px !important;padding-right : 0px !important;margin-right : 1.92%;padding-bottom : 0px !important;padding-left : 0px !important;margin-left : 1.92%;}@media only screen and (max-width:1024px) {.fusion-body .fusion-builder-column-0{width:100% !important;}.fusion-builder-column-0 > .fusion-column-wrapper {margin-right : 1.92%;margin-left : 1.92%;}}@media only screen and (max-width:640px) {.fusion-body .fusion-builder-column-0{width:100% !important;}.fusion-builder-column-0 > .fusion-column-wrapper {margin-right : 1.92%;margin-left : 1.92%;}}<\/style><\/div><\/div><style type=\"text\/css\">.fusion-body .fusion-flex-container.fusion-builder-row-1{ padding-top : 0px;margin-top : 0px;padding-right : 0px;padding-bottom : 0px;margin-bottom : 0px;padding-left : 0px;}<\/style><\/div>\n","protected":false},"excerpt":{"rendered":"<p>Mitte August haben wir zusammen mit dem Landkreis Vorpommern-Greifswald und Prognos Workshops mit potenziellen Anbietern von Wissensangeboten f\u00fcr Kindergartenkinder durchgef\u00fchrt.<\/p>\n","protected":false},"author":34,"featured_media":4935,"comment_status":"open","ping_status":"open","sticky":false,"template":"","format":"standard","meta":{"footnotes":""},"categories":[1],"tags":[],"class_list":["post-4932","post","type-post","status-publish","format-standard","has-post-thumbnail","hentry","category-uncategorized"],"yoast_head":"<!-- This site is optimized with the Yoast SEO plugin v27.5 - https:\/\/yoast.com\/product\/yoast-seo-wordpress\/ -->\n<title>Anbieterworkshops f\u00fcr kuubu - Projekt Smarte.Land.Regionen<\/title>\n<meta name=\"description\" content=\"Mitte August haben wir zusammen mit dem Landkreis Vorpommern-Greifswald Anbieterworkshops von Wissensangeboten f\u00fcr Kindergartenkinder durchgef\u00fchrt.\" \/>\n<meta name=\"robots\" content=\"index, follow, max-snippet:-1, max-image-preview:large, max-video-preview:-1\" \/>\n<link rel=\"canonical\" href=\"https:\/\/www.landkreise.digital\/index.php\/2022\/11\/04\/anbieterworkshops-vg\/\" \/>\n<meta property=\"og:locale\" content=\"de_DE\" \/>\n<meta property=\"og:type\" content=\"article\" \/>\n<meta property=\"og:title\" content=\"Anbieterworkshops f\u00fcr kuubu - Projekt Smarte.Land.Regionen\" \/>\n<meta property=\"og:description\" content=\"Mitte August haben wir zusammen mit dem Landkreis Vorpommern-Greifswald Anbieterworkshops von Wissensangeboten f\u00fcr Kindergartenkinder durchgef\u00fchrt.\" \/>\n<meta property=\"og:url\" content=\"https:\/\/www.landkreise.digital\/index.php\/2022\/11\/04\/anbieterworkshops-vg\/\" \/>\n<meta property=\"og:site_name\" content=\"Projekt Smarte.Land.Regionen\" \/>\n<meta property=\"article:publisher\" content=\"https:\/\/www.facebook.com\/SLRegionen\" \/>\n<meta property=\"article:published_time\" content=\"2022-11-04T07:24:26+00:00\" \/>\n<meta property=\"article:modified_time\" content=\"2022-11-29T12:52:07+00:00\" \/>\n<meta property=\"og:image\" content=\"https:\/\/www.landkreise.digital\/wp-content\/uploads\/sites\/21\/2022\/11\/VG_kuubu.png\" \/>\n\t<meta property=\"og:image:width\" content=\"1920\" \/>\n\t<meta property=\"og:image:height\" content=\"1080\" \/>\n\t<meta property=\"og:image:type\" content=\"image\/png\" \/>\n<meta name=\"author\" content=\"Fabienne Hammer\" \/>\n<meta name=\"twitter:card\" content=\"summary_large_image\" \/>\n<meta name=\"twitter:creator\" content=\"@SLRegionen\" \/>\n<meta name=\"twitter:site\" content=\"@SLRegionen\" \/>\n<meta name=\"twitter:label1\" content=\"Verfasst von\" \/>\n\t<meta name=\"twitter:data1\" content=\"Fabienne Hammer\" \/>\n\t<meta name=\"twitter:label2\" content=\"Gesch\u00e4tzte Lesezeit\" \/>\n\t<meta name=\"twitter:data2\" content=\"4\u00a0Minuten\" \/>\n<script type=\"application\/ld+json\" class=\"yoast-schema-graph\">{\"@context\":\"https:\\\/\\\/schema.org\",\"@graph\":[{\"@type\":\"Article\",\"@id\":\"https:\\\/\\\/www.landkreise.digital\\\/index.php\\\/2022\\\/11\\\/04\\\/anbieterworkshops-vg\\\/#article\",\"isPartOf\":{\"@id\":\"https:\\\/\\\/www.landkreise.digital\\\/index.php\\\/2022\\\/11\\\/04\\\/anbieterworkshops-vg\\\/\"},\"author\":{\"name\":\"Fabienne Hammer\",\"@id\":\"https:\\\/\\\/www.landkreise.digital\\\/#\\\/schema\\\/person\\\/771d7a5f648c4b161a52a4b5bcdc36f0\"},\"headline\":\"Anbieterworkshops f\u00fcr kuubu\",\"datePublished\":\"2022-11-04T07:24:26+00:00\",\"dateModified\":\"2022-11-29T12:52:07+00:00\",\"mainEntityOfPage\":{\"@id\":\"https:\\\/\\\/www.landkreise.digital\\\/index.php\\\/2022\\\/11\\\/04\\\/anbieterworkshops-vg\\\/\"},\"wordCount\":826,\"commentCount\":0,\"publisher\":{\"@id\":\"https:\\\/\\\/www.landkreise.digital\\\/#organization\"},\"image\":{\"@id\":\"https:\\\/\\\/www.landkreise.digital\\\/index.php\\\/2022\\\/11\\\/04\\\/anbieterworkshops-vg\\\/#primaryimage\"},\"thumbnailUrl\":\"https:\\\/\\\/www.landkreise.digital\\\/wp-content\\\/uploads\\\/sites\\\/21\\\/2022\\\/11\\\/VG_kuubu.png\",\"articleSection\":[\"Uncategorized\"],\"inLanguage\":\"de\",\"potentialAction\":[{\"@type\":\"CommentAction\",\"name\":\"Comment\",\"target\":[\"https:\\\/\\\/www.landkreise.digital\\\/index.php\\\/2022\\\/11\\\/04\\\/anbieterworkshops-vg\\\/#respond\"]}]},{\"@type\":\"WebPage\",\"@id\":\"https:\\\/\\\/www.landkreise.digital\\\/index.php\\\/2022\\\/11\\\/04\\\/anbieterworkshops-vg\\\/\",\"url\":\"https:\\\/\\\/www.landkreise.digital\\\/index.php\\\/2022\\\/11\\\/04\\\/anbieterworkshops-vg\\\/\",\"name\":\"Anbieterworkshops f\u00fcr kuubu - Projekt Smarte.Land.Regionen\",\"isPartOf\":{\"@id\":\"https:\\\/\\\/www.landkreise.digital\\\/#website\"},\"primaryImageOfPage\":{\"@id\":\"https:\\\/\\\/www.landkreise.digital\\\/index.php\\\/2022\\\/11\\\/04\\\/anbieterworkshops-vg\\\/#primaryimage\"},\"image\":{\"@id\":\"https:\\\/\\\/www.landkreise.digital\\\/index.php\\\/2022\\\/11\\\/04\\\/anbieterworkshops-vg\\\/#primaryimage\"},\"thumbnailUrl\":\"https:\\\/\\\/www.landkreise.digital\\\/wp-content\\\/uploads\\\/sites\\\/21\\\/2022\\\/11\\\/VG_kuubu.png\",\"datePublished\":\"2022-11-04T07:24:26+00:00\",\"dateModified\":\"2022-11-29T12:52:07+00:00\",\"description\":\"Mitte August haben wir zusammen mit dem Landkreis Vorpommern-Greifswald Anbieterworkshops von Wissensangeboten f\u00fcr Kindergartenkinder durchgef\u00fchrt.\",\"breadcrumb\":{\"@id\":\"https:\\\/\\\/www.landkreise.digital\\\/index.php\\\/2022\\\/11\\\/04\\\/anbieterworkshops-vg\\\/#breadcrumb\"},\"inLanguage\":\"de\",\"potentialAction\":[{\"@type\":\"ReadAction\",\"target\":[\"https:\\\/\\\/www.landkreise.digital\\\/index.php\\\/2022\\\/11\\\/04\\\/anbieterworkshops-vg\\\/\"]}]},{\"@type\":\"ImageObject\",\"inLanguage\":\"de\",\"@id\":\"https:\\\/\\\/www.landkreise.digital\\\/index.php\\\/2022\\\/11\\\/04\\\/anbieterworkshops-vg\\\/#primaryimage\",\"url\":\"https:\\\/\\\/www.landkreise.digital\\\/wp-content\\\/uploads\\\/sites\\\/21\\\/2022\\\/11\\\/VG_kuubu.png\",\"contentUrl\":\"https:\\\/\\\/www.landkreise.digital\\\/wp-content\\\/uploads\\\/sites\\\/21\\\/2022\\\/11\\\/VG_kuubu.png\",\"width\":1920,\"height\":1080},{\"@type\":\"BreadcrumbList\",\"@id\":\"https:\\\/\\\/www.landkreise.digital\\\/index.php\\\/2022\\\/11\\\/04\\\/anbieterworkshops-vg\\\/#breadcrumb\",\"itemListElement\":[{\"@type\":\"ListItem\",\"position\":1,\"name\":\"Home\",\"item\":\"https:\\\/\\\/www.landkreise.digital\\\/\"},{\"@type\":\"ListItem\",\"position\":2,\"name\":\"Anbieterworkshops f\u00fcr kuubu\"}]},{\"@type\":\"WebSite\",\"@id\":\"https:\\\/\\\/www.landkreise.digital\\\/#website\",\"url\":\"https:\\\/\\\/www.landkreise.digital\\\/\",\"name\":\"Projekt Smarte.Land.Regionen\",\"description\":\"Digitale L\u00f6sungen f\u00fcrs Land\",\"publisher\":{\"@id\":\"https:\\\/\\\/www.landkreise.digital\\\/#organization\"},\"potentialAction\":[{\"@type\":\"SearchAction\",\"target\":{\"@type\":\"EntryPoint\",\"urlTemplate\":\"https:\\\/\\\/www.landkreise.digital\\\/?s={search_term_string}\"},\"query-input\":{\"@type\":\"PropertyValueSpecification\",\"valueRequired\":true,\"valueName\":\"search_term_string\"}}],\"inLanguage\":\"de\"},{\"@type\":\"Organization\",\"@id\":\"https:\\\/\\\/www.landkreise.digital\\\/#organization\",\"name\":\"Projekt Smarte.Land.Regionen\",\"url\":\"https:\\\/\\\/www.landkreise.digital\\\/\",\"logo\":{\"@type\":\"ImageObject\",\"inLanguage\":\"de\",\"@id\":\"https:\\\/\\\/www.landkreise.digital\\\/#\\\/schema\\\/logo\\\/image\\\/\",\"url\":\"https:\\\/\\\/www.landkreise.digital\\\/wp-content\\\/uploads\\\/sites\\\/21\\\/2023\\\/02\\\/Landschaftsbild.jpg\",\"contentUrl\":\"https:\\\/\\\/www.landkreise.digital\\\/wp-content\\\/uploads\\\/sites\\\/21\\\/2023\\\/02\\\/Landschaftsbild.jpg\",\"width\":2000,\"height\":1333,\"caption\":\"Projekt Smarte.Land.Regionen\"},\"image\":{\"@id\":\"https:\\\/\\\/www.landkreise.digital\\\/#\\\/schema\\\/logo\\\/image\\\/\"},\"sameAs\":[\"https:\\\/\\\/www.facebook.com\\\/SLRegionen\",\"https:\\\/\\\/x.com\\\/SLRegionen\",\"https:\\\/\\\/www.linkedin.com\\\/in\\\/smarte-land-regionen\\\/\"]},{\"@type\":\"Person\",\"@id\":\"https:\\\/\\\/www.landkreise.digital\\\/#\\\/schema\\\/person\\\/771d7a5f648c4b161a52a4b5bcdc36f0\",\"name\":\"Fabienne Hammer\",\"image\":{\"@type\":\"ImageObject\",\"inLanguage\":\"de\",\"@id\":\"https:\\\/\\\/secure.gravatar.com\\\/avatar\\\/df8dd5aed7ff115178b177cc5d45b78519cb7b0a0339ac3709c25082aeadee6a?s=96&d=mm&r=g\",\"url\":\"https:\\\/\\\/secure.gravatar.com\\\/avatar\\\/df8dd5aed7ff115178b177cc5d45b78519cb7b0a0339ac3709c25082aeadee6a?s=96&d=mm&r=g\",\"contentUrl\":\"https:\\\/\\\/secure.gravatar.com\\\/avatar\\\/df8dd5aed7ff115178b177cc5d45b78519cb7b0a0339ac3709c25082aeadee6a?s=96&d=mm&r=g\",\"caption\":\"Fabienne Hammer\"},\"url\":\"https:\\\/\\\/www.landkreise.digital\\\/index.php\\\/author\\\/hammer\\\/\"}]}<\/script>\n<!-- \/ Yoast SEO plugin. -->","yoast_head_json":{"title":"Anbieterworkshops f\u00fcr kuubu - Projekt Smarte.Land.Regionen","description":"Mitte August haben wir zusammen mit dem Landkreis Vorpommern-Greifswald Anbieterworkshops von Wissensangeboten f\u00fcr Kindergartenkinder durchgef\u00fchrt.","robots":{"index":"index","follow":"follow","max-snippet":"max-snippet:-1","max-image-preview":"max-image-preview:large","max-video-preview":"max-video-preview:-1"},"canonical":"https:\/\/www.landkreise.digital\/index.php\/2022\/11\/04\/anbieterworkshops-vg\/","og_locale":"de_DE","og_type":"article","og_title":"Anbieterworkshops f\u00fcr kuubu - Projekt Smarte.Land.Regionen","og_description":"Mitte August haben wir zusammen mit dem Landkreis Vorpommern-Greifswald Anbieterworkshops von Wissensangeboten f\u00fcr Kindergartenkinder durchgef\u00fchrt.","og_url":"https:\/\/www.landkreise.digital\/index.php\/2022\/11\/04\/anbieterworkshops-vg\/","og_site_name":"Projekt Smarte.Land.Regionen","article_publisher":"https:\/\/www.facebook.com\/SLRegionen","article_published_time":"2022-11-04T07:24:26+00:00","article_modified_time":"2022-11-29T12:52:07+00:00","og_image":[{"width":1920,"height":1080,"url":"https:\/\/www.landkreise.digital\/wp-content\/uploads\/sites\/21\/2022\/11\/VG_kuubu.png","type":"image\/png"}],"author":"Fabienne Hammer","twitter_card":"summary_large_image","twitter_creator":"@SLRegionen","twitter_site":"@SLRegionen","twitter_misc":{"Verfasst von":"Fabienne Hammer","Gesch\u00e4tzte Lesezeit":"4\u00a0Minuten"},"schema":{"@context":"https:\/\/schema.org","@graph":[{"@type":"Article","@id":"https:\/\/www.landkreise.digital\/index.php\/2022\/11\/04\/anbieterworkshops-vg\/#article","isPartOf":{"@id":"https:\/\/www.landkreise.digital\/index.php\/2022\/11\/04\/anbieterworkshops-vg\/"},"author":{"name":"Fabienne Hammer","@id":"https:\/\/www.landkreise.digital\/#\/schema\/person\/771d7a5f648c4b161a52a4b5bcdc36f0"},"headline":"Anbieterworkshops f\u00fcr kuubu","datePublished":"2022-11-04T07:24:26+00:00","dateModified":"2022-11-29T12:52:07+00:00","mainEntityOfPage":{"@id":"https:\/\/www.landkreise.digital\/index.php\/2022\/11\/04\/anbieterworkshops-vg\/"},"wordCount":826,"commentCount":0,"publisher":{"@id":"https:\/\/www.landkreise.digital\/#organization"},"image":{"@id":"https:\/\/www.landkreise.digital\/index.php\/2022\/11\/04\/anbieterworkshops-vg\/#primaryimage"},"thumbnailUrl":"https:\/\/www.landkreise.digital\/wp-content\/uploads\/sites\/21\/2022\/11\/VG_kuubu.png","articleSection":["Uncategorized"],"inLanguage":"de","potentialAction":[{"@type":"CommentAction","name":"Comment","target":["https:\/\/www.landkreise.digital\/index.php\/2022\/11\/04\/anbieterworkshops-vg\/#respond"]}]},{"@type":"WebPage","@id":"https:\/\/www.landkreise.digital\/index.php\/2022\/11\/04\/anbieterworkshops-vg\/","url":"https:\/\/www.landkreise.digital\/index.php\/2022\/11\/04\/anbieterworkshops-vg\/","name":"Anbieterworkshops f\u00fcr kuubu - Projekt Smarte.Land.Regionen","isPartOf":{"@id":"https:\/\/www.landkreise.digital\/#website"},"primaryImageOfPage":{"@id":"https:\/\/www.landkreise.digital\/index.php\/2022\/11\/04\/anbieterworkshops-vg\/#primaryimage"},"image":{"@id":"https:\/\/www.landkreise.digital\/index.php\/2022\/11\/04\/anbieterworkshops-vg\/#primaryimage"},"thumbnailUrl":"https:\/\/www.landkreise.digital\/wp-content\/uploads\/sites\/21\/2022\/11\/VG_kuubu.png","datePublished":"2022-11-04T07:24:26+00:00","dateModified":"2022-11-29T12:52:07+00:00","description":"Mitte August haben wir zusammen mit dem Landkreis Vorpommern-Greifswald Anbieterworkshops von Wissensangeboten f\u00fcr Kindergartenkinder durchgef\u00fchrt.","breadcrumb":{"@id":"https:\/\/www.landkreise.digital\/index.php\/2022\/11\/04\/anbieterworkshops-vg\/#breadcrumb"},"inLanguage":"de","potentialAction":[{"@type":"ReadAction","target":["https:\/\/www.landkreise.digital\/index.php\/2022\/11\/04\/anbieterworkshops-vg\/"]}]},{"@type":"ImageObject","inLanguage":"de","@id":"https:\/\/www.landkreise.digital\/index.php\/2022\/11\/04\/anbieterworkshops-vg\/#primaryimage","url":"https:\/\/www.landkreise.digital\/wp-content\/uploads\/sites\/21\/2022\/11\/VG_kuubu.png","contentUrl":"https:\/\/www.landkreise.digital\/wp-content\/uploads\/sites\/21\/2022\/11\/VG_kuubu.png","width":1920,"height":1080},{"@type":"BreadcrumbList","@id":"https:\/\/www.landkreise.digital\/index.php\/2022\/11\/04\/anbieterworkshops-vg\/#breadcrumb","itemListElement":[{"@type":"ListItem","position":1,"name":"Home","item":"https:\/\/www.landkreise.digital\/"},{"@type":"ListItem","position":2,"name":"Anbieterworkshops f\u00fcr kuubu"}]},{"@type":"WebSite","@id":"https:\/\/www.landkreise.digital\/#website","url":"https:\/\/www.landkreise.digital\/","name":"Projekt Smarte.Land.Regionen","description":"Digitale L\u00f6sungen f\u00fcrs Land","publisher":{"@id":"https:\/\/www.landkreise.digital\/#organization"},"potentialAction":[{"@type":"SearchAction","target":{"@type":"EntryPoint","urlTemplate":"https:\/\/www.landkreise.digital\/?s={search_term_string}"},"query-input":{"@type":"PropertyValueSpecification","valueRequired":true,"valueName":"search_term_string"}}],"inLanguage":"de"},{"@type":"Organization","@id":"https:\/\/www.landkreise.digital\/#organization","name":"Projekt Smarte.Land.Regionen","url":"https:\/\/www.landkreise.digital\/","logo":{"@type":"ImageObject","inLanguage":"de","@id":"https:\/\/www.landkreise.digital\/#\/schema\/logo\/image\/","url":"https:\/\/www.landkreise.digital\/wp-content\/uploads\/sites\/21\/2023\/02\/Landschaftsbild.jpg","contentUrl":"https:\/\/www.landkreise.digital\/wp-content\/uploads\/sites\/21\/2023\/02\/Landschaftsbild.jpg","width":2000,"height":1333,"caption":"Projekt Smarte.Land.Regionen"},"image":{"@id":"https:\/\/www.landkreise.digital\/#\/schema\/logo\/image\/"},"sameAs":["https:\/\/www.facebook.com\/SLRegionen","https:\/\/x.com\/SLRegionen","https:\/\/www.linkedin.com\/in\/smarte-land-regionen\/"]},{"@type":"Person","@id":"https:\/\/www.landkreise.digital\/#\/schema\/person\/771d7a5f648c4b161a52a4b5bcdc36f0","name":"Fabienne Hammer","image":{"@type":"ImageObject","inLanguage":"de","@id":"https:\/\/secure.gravatar.com\/avatar\/df8dd5aed7ff115178b177cc5d45b78519cb7b0a0339ac3709c25082aeadee6a?s=96&d=mm&r=g","url":"https:\/\/secure.gravatar.com\/avatar\/df8dd5aed7ff115178b177cc5d45b78519cb7b0a0339ac3709c25082aeadee6a?s=96&d=mm&r=g","contentUrl":"https:\/\/secure.gravatar.com\/avatar\/df8dd5aed7ff115178b177cc5d45b78519cb7b0a0339ac3709c25082aeadee6a?s=96&d=mm&r=g","caption":"Fabienne Hammer"},"url":"https:\/\/www.landkreise.digital\/index.php\/author\/hammer\/"}]}},"_links":{"self":[{"href":"https:\/\/www.landkreise.digital\/index.php\/wp-json\/wp\/v2\/posts\/4932","targetHints":{"allow":["GET"]}}],"collection":[{"href":"https:\/\/www.landkreise.digital\/index.php\/wp-json\/wp\/v2\/posts"}],"about":[{"href":"https:\/\/www.landkreise.digital\/index.php\/wp-json\/wp\/v2\/types\/post"}],"author":[{"embeddable":true,"href":"https:\/\/www.landkreise.digital\/index.php\/wp-json\/wp\/v2\/users\/34"}],"replies":[{"embeddable":true,"href":"https:\/\/www.landkreise.digital\/index.php\/wp-json\/wp\/v2\/comments?post=4932"}],"version-history":[{"count":7,"href":"https:\/\/www.landkreise.digital\/index.php\/wp-json\/wp\/v2\/posts\/4932\/revisions"}],"predecessor-version":[{"id":4962,"href":"https:\/\/www.landkreise.digital\/index.php\/wp-json\/wp\/v2\/posts\/4932\/revisions\/4962"}],"wp:featuredmedia":[{"embeddable":true,"href":"https:\/\/www.landkreise.digital\/index.php\/wp-json\/wp\/v2\/media\/4935"}],"wp:attachment":[{"href":"https:\/\/www.landkreise.digital\/index.php\/wp-json\/wp\/v2\/media?parent=4932"}],"wp:term":[{"taxonomy":"category","embeddable":true,"href":"https:\/\/www.landkreise.digital\/index.php\/wp-json\/wp\/v2\/categories?post=4932"},{"taxonomy":"post_tag","embeddable":true,"href":"https:\/\/www.landkreise.digital\/index.php\/wp-json\/wp\/v2\/tags?post=4932"}],"curies":[{"name":"wp","href":"https:\/\/api.w.org\/{rel}","templated":true}]}}