{"id":4888,"date":"2022-10-14T06:31:13","date_gmt":"2022-10-14T06:31:13","guid":{"rendered":"https:\/\/www.landkreise.digital\/?p=4888"},"modified":"2022-10-14T07:18:05","modified_gmt":"2022-10-14T07:18:05","slug":"3-vernetzungstreffen","status":"publish","type":"post","link":"https:\/\/www.landkreise.digital\/index.php\/2022\/10\/14\/3-vernetzungstreffen\/","title":{"rendered":"Drittes Vernetzungstreffen"},"content":{"rendered":"<h4>3. Vernetzungstreffen in Neustadt an der Waldnaab<\/h4>\n<p><img decoding=\"async\" class=\"lazyload aligncenter wp-image-4894 size-large\" src=\"https:\/\/gutenberg.iese.de\/wp-content\/uploads\/sites\/21\/2022\/10\/PXL_20220929_074440915-scaled-e1665728864884-1024x576.jpg\" data-orig-src=\"https:\/\/gutenberg.iese.de\/wp-content\/uploads\/sites\/21\/2022\/10\/PXL_20220929_074440915-scaled-e1665728864884-1024x576.jpg\" alt=\"Pr\u00e4sentation \u00fcber das Modellvorhaben vor den Teilnehmenden\" width=\"1024\" height=\"576\" srcset=\"data:image\/svg+xml,%3Csvg%20xmlns%3D%27http%3A%2F%2Fwww.w3.org%2F2000%2Fsvg%27%20width%3D%271024%27%20height%3D%27576%27%20viewBox%3D%270%200%201024%20576%27%3E%3Crect%20width%3D%271024%27%20height%3D%27576%27%20fill-opacity%3D%220%22%2F%3E%3C%2Fsvg%3E\" data-srcset=\"https:\/\/www.landkreise.digital\/wp-content\/uploads\/sites\/21\/2022\/10\/PXL_20220929_074440915-scaled-e1665728864884-200x113.jpg 200w, https:\/\/www.landkreise.digital\/wp-content\/uploads\/sites\/21\/2022\/10\/PXL_20220929_074440915-scaled-e1665728864884-300x169.jpg 300w, https:\/\/www.landkreise.digital\/wp-content\/uploads\/sites\/21\/2022\/10\/PXL_20220929_074440915-scaled-e1665728864884-400x225.jpg 400w, https:\/\/www.landkreise.digital\/wp-content\/uploads\/sites\/21\/2022\/10\/PXL_20220929_074440915-scaled-e1665728864884-600x338.jpg 600w, https:\/\/www.landkreise.digital\/wp-content\/uploads\/sites\/21\/2022\/10\/PXL_20220929_074440915-scaled-e1665728864884-768x432.jpg 768w, https:\/\/www.landkreise.digital\/wp-content\/uploads\/sites\/21\/2022\/10\/PXL_20220929_074440915-scaled-e1665728864884-800x450.jpg 800w, https:\/\/www.landkreise.digital\/wp-content\/uploads\/sites\/21\/2022\/10\/PXL_20220929_074440915-scaled-e1665728864884-1024x576.jpg 1024w, https:\/\/www.landkreise.digital\/wp-content\/uploads\/sites\/21\/2022\/10\/PXL_20220929_074440915-scaled-e1665728864884-1200x675.jpg 1200w, https:\/\/www.landkreise.digital\/wp-content\/uploads\/sites\/21\/2022\/10\/PXL_20220929_074440915-scaled-e1665728864884-1536x864.jpg 1536w, https:\/\/www.landkreise.digital\/wp-content\/uploads\/sites\/21\/2022\/10\/PXL_20220929_074440915-scaled-e1665728864884.jpg 2560w\" data-sizes=\"auto\" data-orig-sizes=\"(max-width: 1024px) 100vw, 1024px\" \/><\/p>\n<p>Unter dem Motto \u00bbVerbesserung der Daseinsvorsorge durch Digitalisierung\u00ab fand das insgesamt dritte Vernetzungstreffen im Rahmen des vom Bundesministerium f\u00fcr Ern\u00e4hrung und Landwirtschaft (BMEL) gef\u00f6rderten Projekts \u00bb<a href=\"https:\/\/www.bmel.de\/DE\/themen\/laendliche-regionen\/digitales\/smarte-landregionen\/mud-smarte-landregionen.html\">Smarte.Land.Regionen<\/a>\u00ab im Future Lab Weiherhammer statt. Ausgerichtet wurde die zweit\u00e4tige Veranstaltung vom Landkreis Neustadt an der Waldnaab \u2013 einer der <a href=\"https:\/\/www.landkreise.digital\/index.php\/landkreise\/\">sieben im Projekt gef\u00f6rderten Modellregionen<\/a>. Doch nicht nur die bereits 2020 ausgew\u00e4hlten Landkreise Neustadt an der Waldnaab, Bernkastel-Wittlich, Coesfeld, L\u00f6rrach, Potsdam-Mittelmark, Vorpommern-Greifswald und Uelzen waren vor Ort, sondern dieses Mal auch die <a href=\"https:\/\/www.bmel.de\/DE\/themen\/laendliche-regionen\/digitales\/smarte-landregionen\/smarte-landregionen-kick-off-13-landkreise.html\">13 weiteren Landkreise<\/a>. So ergab sich nicht nur ein reger Austausch zwischen den Modellregionen selbst, sondern auch zwischen den kommunalen Partnern, dem F\u00f6rdergeber und den Projektpartnern Fraunhofer IESE, Deutscher Landkreistag (DLT), IT-Prozessbegleitung (City &amp; Bits GmbH, Prognos AG, Neuland 21 e.V.) und Sozialwissenschaftliche Begleitforschung (empirica AG).<\/p>\n<p>Geplant waren zwei Tage voller Austausch, Open Spaces, World Caf\u00e9s, Expert:innen-Runden, Exkursen und gem\u00fctlichem Beisammensein \u2013 und dies wurde auch genau so umgesetzt. So begann alles mit einleitenden Worten von Landrat Andreas Meier aus dem Landkreis Neustadt an der Waldnaab. Ihm schlossen sich zur Begr\u00fc\u00dfung Dr. Ursula Monnerjahn, Referatsleiterin des zust\u00e4ndigen Referats \u00bbDigitalisierung in l\u00e4ndlichen R\u00e4umen\u00ab des Bundesministeriums f\u00fcr Ern\u00e4hrung und Landwirtschaft (BMEL) und Jonas Peil, Referent f\u00fcr l\u00e4ndliche Entwicklung der Bundesanstalt f\u00fcr Landwirtschaft und Ern\u00e4hrung (BLE), an (Abbildung 1).<\/p>\n<p><img decoding=\"async\" class=\"lazyload aligncenter size-large wp-image-4889\" src=\"https:\/\/gutenberg.iese.de\/wp-content\/uploads\/sites\/21\/2022\/10\/Abbildung-1_Vernetzungstreffen-1024x576.png\" data-orig-src=\"https:\/\/gutenberg.iese.de\/wp-content\/uploads\/sites\/21\/2022\/10\/Abbildung-1_Vernetzungstreffen-1024x576.png\" alt=\"Teilnehmende sitzen in einer Runde und h\u00f6ren dem Vortragenden zu. \" width=\"1024\" height=\"576\" srcset=\"data:image\/svg+xml,%3Csvg%20xmlns%3D%27http%3A%2F%2Fwww.w3.org%2F2000%2Fsvg%27%20width%3D%271024%27%20height%3D%27576%27%20viewBox%3D%270%200%201024%20576%27%3E%3Crect%20width%3D%271024%27%20height%3D%27576%27%20fill-opacity%3D%220%22%2F%3E%3C%2Fsvg%3E\" data-srcset=\"https:\/\/www.landkreise.digital\/wp-content\/uploads\/sites\/21\/2022\/10\/Abbildung-1_Vernetzungstreffen-200x112.png 200w, https:\/\/www.landkreise.digital\/wp-content\/uploads\/sites\/21\/2022\/10\/Abbildung-1_Vernetzungstreffen-300x169.png 300w, https:\/\/www.landkreise.digital\/wp-content\/uploads\/sites\/21\/2022\/10\/Abbildung-1_Vernetzungstreffen-400x225.png 400w, https:\/\/www.landkreise.digital\/wp-content\/uploads\/sites\/21\/2022\/10\/Abbildung-1_Vernetzungstreffen-600x337.png 600w, https:\/\/www.landkreise.digital\/wp-content\/uploads\/sites\/21\/2022\/10\/Abbildung-1_Vernetzungstreffen-768x432.png 768w, https:\/\/www.landkreise.digital\/wp-content\/uploads\/sites\/21\/2022\/10\/Abbildung-1_Vernetzungstreffen-800x450.png 800w, https:\/\/www.landkreise.digital\/wp-content\/uploads\/sites\/21\/2022\/10\/Abbildung-1_Vernetzungstreffen-1024x576.png 1024w, https:\/\/www.landkreise.digital\/wp-content\/uploads\/sites\/21\/2022\/10\/Abbildung-1_Vernetzungstreffen-1200x675.png 1200w, https:\/\/www.landkreise.digital\/wp-content\/uploads\/sites\/21\/2022\/10\/Abbildung-1_Vernetzungstreffen.png 1384w\" data-sizes=\"auto\" data-orig-sizes=\"(max-width: 1024px) 100vw, 1024px\" \/><\/p>\n<p>Abbildung 1: Die Moderierenden Anna-Dorothea Werner und Dr. Tobias Federwisch (links), Landrat Andreas Meier (rechts oben), Dr. Ursula Monnerjahn (rechts mittig), Jonas Peil (rechts unten).<\/p>\n<p>Danach ging es f\u00fcr die Teilnehmenden ins Warm-up zum gemeinsamen Kennenlernen, ehe der Startschuss f\u00fcr den fachlichen Austausch zu unterschiedlichen Themen in diversen Formaten fiel. Unter der Gesamtmoderation der BLE durch Anna-Dorothea Werner und Dr. Tobias Federwisch gab es zun\u00e4chst Open-Space-Arbeitssessions zu den zentralen Handlungsfeldern \u00bbBildung, Arbeit &amp; Qualifizierung\u00ab, \u00bbGesundheit &amp; Umwelt\u00ab, \u00bbMobilit\u00e4t &amp; Nahversorgung\u00ab und \u00bbGemeinschaft, Ehrenamt &amp; Tourismus\u00ab, die jeweils durch Vertreterinnen der IT-Prozessbegleitung geleitet wurden. Ziel dabei war es, die Modellkommunen und die neuen Landkreise zusammenzubringen und die bereits laufenden Entwicklungen in den verschiedenen Bereichen vorzustellen. Gest\u00e4rkt durch ein ausgiebiges Mittagessen ging es anschlie\u00dfend zur Gruppenarbeit in World Caf\u00e9s, wo in vier Gruppen die Themen \u00bbCommunitymanagement und Beteiligungsprozesse\u00ab, \u00bbOrganisationsentwicklung\u00ab, \u00bbOffene Daten\u00ab und \u00bbDigitalstrategie \u2013 von der Entwicklung zur Umsetzung\u00ab behandelt wurden. Daraus ergaben sich unter anderem sowohl eine Schritt-f\u00fcr-Schritt-Anleitung zur Umsetzung einer Digitalstrategie als auch Ideen, wie Digitalisierung nachhaltig in Landkreisen verankert werden kann (Abbildung 2). Nachdem die Ergebnisse der World Caf\u00e9s im Plenum zusammengefasst wurden, bildete eine offene Sprechrunde mit den Expert:innen der Projektpartner \u2013 BLE, DLT, Fraunhofer IESE, IT-Prozessbegleitung und Begleitforschung \u2013 den Ausklang.<\/p>\n<p><img decoding=\"async\" class=\"lazyload aligncenter size-large wp-image-4890\" src=\"https:\/\/gutenberg.iese.de\/wp-content\/uploads\/sites\/21\/2022\/10\/Abbildung2_Vernetzungtreffen_NEW-1024x578.png\" data-orig-src=\"https:\/\/gutenberg.iese.de\/wp-content\/uploads\/sites\/21\/2022\/10\/Abbildung2_Vernetzungtreffen_NEW-1024x578.png\" alt=\"Bilder zeigen die Ergebnisse des ersten Tages, die auf Notizzettel und Plakate niedergeschrieben wurden.\" width=\"1024\" height=\"578\" srcset=\"data:image\/svg+xml,%3Csvg%20xmlns%3D%27http%3A%2F%2Fwww.w3.org%2F2000%2Fsvg%27%20width%3D%271024%27%20height%3D%27578%27%20viewBox%3D%270%200%201024%20578%27%3E%3Crect%20width%3D%271024%27%20height%3D%27578%27%20fill-opacity%3D%220%22%2F%3E%3C%2Fsvg%3E\" data-srcset=\"https:\/\/www.landkreise.digital\/wp-content\/uploads\/sites\/21\/2022\/10\/Abbildung2_Vernetzungtreffen_NEW-200x113.png 200w, https:\/\/www.landkreise.digital\/wp-content\/uploads\/sites\/21\/2022\/10\/Abbildung2_Vernetzungtreffen_NEW-300x169.png 300w, https:\/\/www.landkreise.digital\/wp-content\/uploads\/sites\/21\/2022\/10\/Abbildung2_Vernetzungtreffen_NEW-400x226.png 400w, https:\/\/www.landkreise.digital\/wp-content\/uploads\/sites\/21\/2022\/10\/Abbildung2_Vernetzungtreffen_NEW-600x339.png 600w, https:\/\/www.landkreise.digital\/wp-content\/uploads\/sites\/21\/2022\/10\/Abbildung2_Vernetzungtreffen_NEW-768x433.png 768w, https:\/\/www.landkreise.digital\/wp-content\/uploads\/sites\/21\/2022\/10\/Abbildung2_Vernetzungtreffen_NEW-800x451.png 800w, https:\/\/www.landkreise.digital\/wp-content\/uploads\/sites\/21\/2022\/10\/Abbildung2_Vernetzungtreffen_NEW-1024x578.png 1024w, https:\/\/www.landkreise.digital\/wp-content\/uploads\/sites\/21\/2022\/10\/Abbildung2_Vernetzungtreffen_NEW-1200x677.png 1200w, https:\/\/www.landkreise.digital\/wp-content\/uploads\/sites\/21\/2022\/10\/Abbildung2_Vernetzungtreffen_NEW.png 1384w\" data-sizes=\"auto\" data-orig-sizes=\"(max-width: 1024px) 100vw, 1024px\" \/><\/p>\n<p>Abbildung 2: Ergebnisse der World Caf\u00e9s am ersten Tag.<\/p>\n<p>Den Abschluss eines arbeitsreichen Tages bildete das gemeinsame Abendessen im Kloster Speinshart. Dort gab es nicht nur das klostereigene Gebr\u00e4u und oberbayerische Kost zu erleben, sondern auch eine Zeitreise in das Bestehen des \u00fcber 800 Jahre alten Klosters durch den B\u00fcrgermeister der Gemeinde Speinshart und stellvertretenden Landrat Albert Nickl.<\/p>\n<p>Der zweite Tag des Vernetzungstreffen stand im Zeichen der technischen Umsetzungen des Projekts. So wurde durch das Fraunhofer IESE und die entsprechenden Landkreise der Status quo der Entwicklung der technischen L\u00f6sungen vorgestellt (Abbildung 3). Im Fokus standen hier L\u00f6sung 1 \u00bbLandR\u00e4ume\u00ab im Handlungsfeld \u00bbBildung &amp; Arbeit\u00ab und L\u00f6sung 2 \u00bbkuubu\u00ab im Handlungsfeld \u00bbGemeinschaft &amp; Ehrenamt\u00ab. Hierbei wurde der Weg von der Idee bis hin zur gemeinsamen L\u00f6sung aus dem Blickwinkel der Landkreise durch die jeweiligen Ansprechpersonen vorgestellt: Anja Saupe aus Bernkastel-Wittlich und Patrick Klumpe aus Coesfeld f\u00fcr L\u00f6sung 1 und Andrea Ludwig aus Vorpommern-Greifswald f\u00fcr L\u00f6sung 2. Diese Vorstellungen wurden durch das Fraunhofer IESE mit einem Einblick in die Entwicklung und die entstandene L\u00f6sung erg\u00e4nzt.<\/p>\n<p><img decoding=\"async\" class=\"lazyload aligncenter size-large wp-image-4891\" src=\"https:\/\/gutenberg.iese.de\/wp-content\/uploads\/sites\/21\/2022\/10\/Abbildung-3_Vernetzungstreffen_NEW-1024x527.png\" data-orig-src=\"https:\/\/gutenberg.iese.de\/wp-content\/uploads\/sites\/21\/2022\/10\/Abbildung-3_Vernetzungstreffen_NEW-1024x527.png\" alt=\"Vorstellung von L\u00f6sung 1 durch Fraunhofer-IESE \" width=\"1024\" height=\"527\" srcset=\"data:image\/svg+xml,%3Csvg%20xmlns%3D%27http%3A%2F%2Fwww.w3.org%2F2000%2Fsvg%27%20width%3D%271024%27%20height%3D%27527%27%20viewBox%3D%270%200%201024%20527%27%3E%3Crect%20width%3D%271024%27%20height%3D%27527%27%20fill-opacity%3D%220%22%2F%3E%3C%2Fsvg%3E\" data-srcset=\"https:\/\/www.landkreise.digital\/wp-content\/uploads\/sites\/21\/2022\/10\/Abbildung-3_Vernetzungstreffen_NEW-200x103.png 200w, https:\/\/www.landkreise.digital\/wp-content\/uploads\/sites\/21\/2022\/10\/Abbildung-3_Vernetzungstreffen_NEW-300x154.png 300w, https:\/\/www.landkreise.digital\/wp-content\/uploads\/sites\/21\/2022\/10\/Abbildung-3_Vernetzungstreffen_NEW-400x206.png 400w, https:\/\/www.landkreise.digital\/wp-content\/uploads\/sites\/21\/2022\/10\/Abbildung-3_Vernetzungstreffen_NEW-600x309.png 600w, https:\/\/www.landkreise.digital\/wp-content\/uploads\/sites\/21\/2022\/10\/Abbildung-3_Vernetzungstreffen_NEW-768x395.png 768w, https:\/\/www.landkreise.digital\/wp-content\/uploads\/sites\/21\/2022\/10\/Abbildung-3_Vernetzungstreffen_NEW-800x412.png 800w, https:\/\/www.landkreise.digital\/wp-content\/uploads\/sites\/21\/2022\/10\/Abbildung-3_Vernetzungstreffen_NEW-1024x527.png 1024w, https:\/\/www.landkreise.digital\/wp-content\/uploads\/sites\/21\/2022\/10\/Abbildung-3_Vernetzungstreffen_NEW-1200x618.png 1200w, https:\/\/www.landkreise.digital\/wp-content\/uploads\/sites\/21\/2022\/10\/Abbildung-3_Vernetzungstreffen_NEW.png 1385w\" data-sizes=\"auto\" data-orig-sizes=\"(max-width: 1024px) 100vw, 1024px\" \/><\/p>\n<p>Abbildung 3: Vorstellung von L\u00f6sung 1 durch Adeline Silva Sch\u00e4fer und Anne-Marie Kilpert (Fraunhofer IESE; links oben, rechts) und L\u00f6sung 2 durch Andrea Ludwig (Landkreis Vorpommern-Greifswald; links unten)<\/p>\n<p>Ein weiterer, technischer Agendapunkt war die Vorstellung der Smarte.Land.Regionen-Plattform. Hier erhielten die Landkreise durch das IESE-Projektteam Einblicke in die Idee und den Mehrwert der Plattform und des dazugeh\u00f6rigen Marktplatzs sowie Einblicke in das Onboarding auf den Marktplatz. Zudem pr\u00e4sentierte Bj\u00f6rn Gedicke, Referent Smart Regions\/Cities vom DLT, die Rolle des DLT und dessen Aufgaben und Verantwortlichkeiten im Zusammenhang mit dem Projekt im Allgemeinen und dem Marktplatz im Speziellen. Der offizielle Teil endete mit einem Ausblick durch die BLE, ehe die Exkursion zur Ostbayerischen Technischen Hochschule Amberg-Weiden startete. Dort wurden den Teilnehmenden praxisnahe Einsichten in das Biomechaniklabor, in 5G4Healthcare mit VR-Brillen-Technologie, Laufanalyse und OP-Reinigungsroboter und in industrielle Datenverarbeitung durch erm\u00f6glicht.<\/p>\n<p>Zum Abschluss des Vernetzungstreffens fanden sich die Teilnehmenden auf Einladung der BLE im Schafferhof-Zoigl in Windischeschenbach zusammen, um den Tag ausklingen zu lassen. Unterhaltung bot hierbei unter anderem Besitzer Reinhard F\u00fctterer, der nicht nur die Herkunft des Zoiglbiers erkl\u00e4rte, sondern auch die Geschichte des Schafferhofs und die Sanierung des denkmal-gesch\u00fctzten Anwesens anekdotenreich vortrug.<\/p>\n<h5>Ausblick und Fazit<\/h5>\n<p>Nach dem Vernetzungstreffen ist bekanntlich vor dem Vernetzungstreffen. So sind die Vorbereitungen f\u00fcr die n\u00e4chste Veranstaltung im M\u00e4rz 2023 in Coesfeld bereits in vollem Gange. Solche Vernetzungstreffen stellen einen wichtigen Aspekt f\u00fcr die Kommunikation unter den Projektteilnehmenden dar, da sich die kommunalen Partner in lockerer und gleichzeitig begleiteter Atmosph\u00e4re austauschen k\u00f6nnen. Gerade bei Themen, die in Verwaltungen noch nicht stark besetzt sind, wie bspw. die Digitalisierung, ist es wichtig, von den Erfahrungen anderer zu profitieren und sich Rat von Expert:innen einzuholen.<\/p>\n","protected":false},"excerpt":{"rendered":"<p>Unter dem Motto \u00bbVerbesserung der Daseinsvorsorge durch Digitalisierung\u00ab fand das insgesamt dritte Vernetzungstreffen im Rahmen des vom Bundesministerium f\u00fcr Ern\u00e4hrung und Landwirtschaft (BMEL) gef\u00f6rderten Projekts \u00bbSmarte.Land.Regionen\u00ab im Future Lab Weiherhammer statt.<\/p>\n","protected":false},"author":34,"featured_media":4894,"comment_status":"open","ping_status":"open","sticky":false,"template":"","format":"standard","meta":{"footnotes":""},"categories":[1],"tags":[],"class_list":["post-4888","post","type-post","status-publish","format-standard","has-post-thumbnail","hentry","category-uncategorized"],"yoast_head":"<!-- This site is optimized with the Yoast SEO plugin v27.5 - https:\/\/yoast.com\/product\/yoast-seo-wordpress\/ -->\n<title>Drittes Vernetzungstreffen - Projekt Smarte.Land.Regionen<\/title>\n<meta name=\"description\" content=\"Unter dem Motto \u00bbVerbesserung der Daseinsvorsorge durch Digitalisierung\u00ab fand das insgesamt dritte Vernetzungstreffen statt.\" \/>\n<meta name=\"robots\" content=\"index, follow, max-snippet:-1, max-image-preview:large, max-video-preview:-1\" \/>\n<link rel=\"canonical\" href=\"https:\/\/www.landkreise.digital\/index.php\/2022\/10\/14\/3-vernetzungstreffen\/\" \/>\n<meta property=\"og:locale\" content=\"de_DE\" \/>\n<meta property=\"og:type\" content=\"article\" \/>\n<meta property=\"og:title\" content=\"Drittes Vernetzungstreffen - Projekt Smarte.Land.Regionen\" \/>\n<meta property=\"og:description\" content=\"Unter dem Motto \u00bbVerbesserung der Daseinsvorsorge durch Digitalisierung\u00ab fand das insgesamt dritte Vernetzungstreffen statt.\" \/>\n<meta property=\"og:url\" content=\"https:\/\/www.landkreise.digital\/index.php\/2022\/10\/14\/3-vernetzungstreffen\/\" \/>\n<meta property=\"og:site_name\" content=\"Projekt Smarte.Land.Regionen\" \/>\n<meta property=\"article:publisher\" content=\"https:\/\/www.facebook.com\/SLRegionen\" \/>\n<meta property=\"article:published_time\" content=\"2022-10-14T06:31:13+00:00\" \/>\n<meta property=\"article:modified_time\" content=\"2022-10-14T07:18:05+00:00\" \/>\n<meta property=\"og:image\" content=\"https:\/\/www.landkreise.digital\/wp-content\/uploads\/sites\/21\/2022\/10\/PXL_20220929_074440915-scaled-e1665728864884.jpg\" \/>\n\t<meta property=\"og:image:width\" content=\"2560\" \/>\n\t<meta property=\"og:image:height\" content=\"1440\" \/>\n\t<meta property=\"og:image:type\" content=\"image\/jpeg\" \/>\n<meta name=\"author\" content=\"Fabienne Hammer\" \/>\n<meta name=\"twitter:card\" content=\"summary_large_image\" \/>\n<meta name=\"twitter:creator\" content=\"@SLRegionen\" \/>\n<meta name=\"twitter:site\" content=\"@SLRegionen\" \/>\n<meta name=\"twitter:label1\" content=\"Verfasst von\" \/>\n\t<meta name=\"twitter:data1\" content=\"Fabienne Hammer\" \/>\n\t<meta name=\"twitter:label2\" content=\"Gesch\u00e4tzte Lesezeit\" \/>\n\t<meta name=\"twitter:data2\" content=\"5\u00a0Minuten\" \/>\n<script type=\"application\/ld+json\" class=\"yoast-schema-graph\">{\"@context\":\"https:\\\/\\\/schema.org\",\"@graph\":[{\"@type\":\"Article\",\"@id\":\"https:\\\/\\\/www.landkreise.digital\\\/index.php\\\/2022\\\/10\\\/14\\\/3-vernetzungstreffen\\\/#article\",\"isPartOf\":{\"@id\":\"https:\\\/\\\/www.landkreise.digital\\\/index.php\\\/2022\\\/10\\\/14\\\/3-vernetzungstreffen\\\/\"},\"author\":{\"name\":\"Fabienne Hammer\",\"@id\":\"https:\\\/\\\/www.landkreise.digital\\\/#\\\/schema\\\/person\\\/771d7a5f648c4b161a52a4b5bcdc36f0\"},\"headline\":\"Drittes Vernetzungstreffen\",\"datePublished\":\"2022-10-14T06:31:13+00:00\",\"dateModified\":\"2022-10-14T07:18:05+00:00\",\"mainEntityOfPage\":{\"@id\":\"https:\\\/\\\/www.landkreise.digital\\\/index.php\\\/2022\\\/10\\\/14\\\/3-vernetzungstreffen\\\/\"},\"wordCount\":908,\"commentCount\":0,\"publisher\":{\"@id\":\"https:\\\/\\\/www.landkreise.digital\\\/#organization\"},\"image\":{\"@id\":\"https:\\\/\\\/www.landkreise.digital\\\/index.php\\\/2022\\\/10\\\/14\\\/3-vernetzungstreffen\\\/#primaryimage\"},\"thumbnailUrl\":\"https:\\\/\\\/www.landkreise.digital\\\/wp-content\\\/uploads\\\/sites\\\/21\\\/2022\\\/10\\\/PXL_20220929_074440915-scaled-e1665728864884.jpg\",\"articleSection\":[\"Uncategorized\"],\"inLanguage\":\"de\",\"potentialAction\":[{\"@type\":\"CommentAction\",\"name\":\"Comment\",\"target\":[\"https:\\\/\\\/www.landkreise.digital\\\/index.php\\\/2022\\\/10\\\/14\\\/3-vernetzungstreffen\\\/#respond\"]}]},{\"@type\":\"WebPage\",\"@id\":\"https:\\\/\\\/www.landkreise.digital\\\/index.php\\\/2022\\\/10\\\/14\\\/3-vernetzungstreffen\\\/\",\"url\":\"https:\\\/\\\/www.landkreise.digital\\\/index.php\\\/2022\\\/10\\\/14\\\/3-vernetzungstreffen\\\/\",\"name\":\"Drittes Vernetzungstreffen - Projekt Smarte.Land.Regionen\",\"isPartOf\":{\"@id\":\"https:\\\/\\\/www.landkreise.digital\\\/#website\"},\"primaryImageOfPage\":{\"@id\":\"https:\\\/\\\/www.landkreise.digital\\\/index.php\\\/2022\\\/10\\\/14\\\/3-vernetzungstreffen\\\/#primaryimage\"},\"image\":{\"@id\":\"https:\\\/\\\/www.landkreise.digital\\\/index.php\\\/2022\\\/10\\\/14\\\/3-vernetzungstreffen\\\/#primaryimage\"},\"thumbnailUrl\":\"https:\\\/\\\/www.landkreise.digital\\\/wp-content\\\/uploads\\\/sites\\\/21\\\/2022\\\/10\\\/PXL_20220929_074440915-scaled-e1665728864884.jpg\",\"datePublished\":\"2022-10-14T06:31:13+00:00\",\"dateModified\":\"2022-10-14T07:18:05+00:00\",\"description\":\"Unter dem Motto \u00bbVerbesserung der Daseinsvorsorge durch Digitalisierung\u00ab fand das insgesamt dritte Vernetzungstreffen statt.\",\"breadcrumb\":{\"@id\":\"https:\\\/\\\/www.landkreise.digital\\\/index.php\\\/2022\\\/10\\\/14\\\/3-vernetzungstreffen\\\/#breadcrumb\"},\"inLanguage\":\"de\",\"potentialAction\":[{\"@type\":\"ReadAction\",\"target\":[\"https:\\\/\\\/www.landkreise.digital\\\/index.php\\\/2022\\\/10\\\/14\\\/3-vernetzungstreffen\\\/\"]}]},{\"@type\":\"ImageObject\",\"inLanguage\":\"de\",\"@id\":\"https:\\\/\\\/www.landkreise.digital\\\/index.php\\\/2022\\\/10\\\/14\\\/3-vernetzungstreffen\\\/#primaryimage\",\"url\":\"https:\\\/\\\/www.landkreise.digital\\\/wp-content\\\/uploads\\\/sites\\\/21\\\/2022\\\/10\\\/PXL_20220929_074440915-scaled-e1665728864884.jpg\",\"contentUrl\":\"https:\\\/\\\/www.landkreise.digital\\\/wp-content\\\/uploads\\\/sites\\\/21\\\/2022\\\/10\\\/PXL_20220929_074440915-scaled-e1665728864884.jpg\",\"width\":2560,\"height\":1440,\"caption\":\"Pr\u00e4sentation \u00fcber das Modellvorhaben vor den Teilnehmenden\"},{\"@type\":\"BreadcrumbList\",\"@id\":\"https:\\\/\\\/www.landkreise.digital\\\/index.php\\\/2022\\\/10\\\/14\\\/3-vernetzungstreffen\\\/#breadcrumb\",\"itemListElement\":[{\"@type\":\"ListItem\",\"position\":1,\"name\":\"Home\",\"item\":\"https:\\\/\\\/www.landkreise.digital\\\/\"},{\"@type\":\"ListItem\",\"position\":2,\"name\":\"Drittes Vernetzungstreffen\"}]},{\"@type\":\"WebSite\",\"@id\":\"https:\\\/\\\/www.landkreise.digital\\\/#website\",\"url\":\"https:\\\/\\\/www.landkreise.digital\\\/\",\"name\":\"Projekt Smarte.Land.Regionen\",\"description\":\"Digitale L\u00f6sungen f\u00fcrs Land\",\"publisher\":{\"@id\":\"https:\\\/\\\/www.landkreise.digital\\\/#organization\"},\"potentialAction\":[{\"@type\":\"SearchAction\",\"target\":{\"@type\":\"EntryPoint\",\"urlTemplate\":\"https:\\\/\\\/www.landkreise.digital\\\/?s={search_term_string}\"},\"query-input\":{\"@type\":\"PropertyValueSpecification\",\"valueRequired\":true,\"valueName\":\"search_term_string\"}}],\"inLanguage\":\"de\"},{\"@type\":\"Organization\",\"@id\":\"https:\\\/\\\/www.landkreise.digital\\\/#organization\",\"name\":\"Projekt Smarte.Land.Regionen\",\"url\":\"https:\\\/\\\/www.landkreise.digital\\\/\",\"logo\":{\"@type\":\"ImageObject\",\"inLanguage\":\"de\",\"@id\":\"https:\\\/\\\/www.landkreise.digital\\\/#\\\/schema\\\/logo\\\/image\\\/\",\"url\":\"https:\\\/\\\/www.landkreise.digital\\\/wp-content\\\/uploads\\\/sites\\\/21\\\/2023\\\/02\\\/Landschaftsbild.jpg\",\"contentUrl\":\"https:\\\/\\\/www.landkreise.digital\\\/wp-content\\\/uploads\\\/sites\\\/21\\\/2023\\\/02\\\/Landschaftsbild.jpg\",\"width\":2000,\"height\":1333,\"caption\":\"Projekt Smarte.Land.Regionen\"},\"image\":{\"@id\":\"https:\\\/\\\/www.landkreise.digital\\\/#\\\/schema\\\/logo\\\/image\\\/\"},\"sameAs\":[\"https:\\\/\\\/www.facebook.com\\\/SLRegionen\",\"https:\\\/\\\/x.com\\\/SLRegionen\",\"https:\\\/\\\/www.linkedin.com\\\/in\\\/smarte-land-regionen\\\/\"]},{\"@type\":\"Person\",\"@id\":\"https:\\\/\\\/www.landkreise.digital\\\/#\\\/schema\\\/person\\\/771d7a5f648c4b161a52a4b5bcdc36f0\",\"name\":\"Fabienne Hammer\",\"image\":{\"@type\":\"ImageObject\",\"inLanguage\":\"de\",\"@id\":\"https:\\\/\\\/secure.gravatar.com\\\/avatar\\\/df8dd5aed7ff115178b177cc5d45b78519cb7b0a0339ac3709c25082aeadee6a?s=96&d=mm&r=g\",\"url\":\"https:\\\/\\\/secure.gravatar.com\\\/avatar\\\/df8dd5aed7ff115178b177cc5d45b78519cb7b0a0339ac3709c25082aeadee6a?s=96&d=mm&r=g\",\"contentUrl\":\"https:\\\/\\\/secure.gravatar.com\\\/avatar\\\/df8dd5aed7ff115178b177cc5d45b78519cb7b0a0339ac3709c25082aeadee6a?s=96&d=mm&r=g\",\"caption\":\"Fabienne Hammer\"},\"url\":\"https:\\\/\\\/www.landkreise.digital\\\/index.php\\\/author\\\/hammer\\\/\"}]}<\/script>\n<!-- \/ Yoast SEO plugin. -->","yoast_head_json":{"title":"Drittes Vernetzungstreffen - Projekt Smarte.Land.Regionen","description":"Unter dem Motto \u00bbVerbesserung der Daseinsvorsorge durch Digitalisierung\u00ab fand das insgesamt dritte Vernetzungstreffen statt.","robots":{"index":"index","follow":"follow","max-snippet":"max-snippet:-1","max-image-preview":"max-image-preview:large","max-video-preview":"max-video-preview:-1"},"canonical":"https:\/\/www.landkreise.digital\/index.php\/2022\/10\/14\/3-vernetzungstreffen\/","og_locale":"de_DE","og_type":"article","og_title":"Drittes Vernetzungstreffen - Projekt Smarte.Land.Regionen","og_description":"Unter dem Motto \u00bbVerbesserung der Daseinsvorsorge durch Digitalisierung\u00ab fand das insgesamt dritte Vernetzungstreffen statt.","og_url":"https:\/\/www.landkreise.digital\/index.php\/2022\/10\/14\/3-vernetzungstreffen\/","og_site_name":"Projekt Smarte.Land.Regionen","article_publisher":"https:\/\/www.facebook.com\/SLRegionen","article_published_time":"2022-10-14T06:31:13+00:00","article_modified_time":"2022-10-14T07:18:05+00:00","og_image":[{"width":2560,"height":1440,"url":"https:\/\/www.landkreise.digital\/wp-content\/uploads\/sites\/21\/2022\/10\/PXL_20220929_074440915-scaled-e1665728864884.jpg","type":"image\/jpeg"}],"author":"Fabienne Hammer","twitter_card":"summary_large_image","twitter_creator":"@SLRegionen","twitter_site":"@SLRegionen","twitter_misc":{"Verfasst von":"Fabienne Hammer","Gesch\u00e4tzte Lesezeit":"5\u00a0Minuten"},"schema":{"@context":"https:\/\/schema.org","@graph":[{"@type":"Article","@id":"https:\/\/www.landkreise.digital\/index.php\/2022\/10\/14\/3-vernetzungstreffen\/#article","isPartOf":{"@id":"https:\/\/www.landkreise.digital\/index.php\/2022\/10\/14\/3-vernetzungstreffen\/"},"author":{"name":"Fabienne Hammer","@id":"https:\/\/www.landkreise.digital\/#\/schema\/person\/771d7a5f648c4b161a52a4b5bcdc36f0"},"headline":"Drittes Vernetzungstreffen","datePublished":"2022-10-14T06:31:13+00:00","dateModified":"2022-10-14T07:18:05+00:00","mainEntityOfPage":{"@id":"https:\/\/www.landkreise.digital\/index.php\/2022\/10\/14\/3-vernetzungstreffen\/"},"wordCount":908,"commentCount":0,"publisher":{"@id":"https:\/\/www.landkreise.digital\/#organization"},"image":{"@id":"https:\/\/www.landkreise.digital\/index.php\/2022\/10\/14\/3-vernetzungstreffen\/#primaryimage"},"thumbnailUrl":"https:\/\/www.landkreise.digital\/wp-content\/uploads\/sites\/21\/2022\/10\/PXL_20220929_074440915-scaled-e1665728864884.jpg","articleSection":["Uncategorized"],"inLanguage":"de","potentialAction":[{"@type":"CommentAction","name":"Comment","target":["https:\/\/www.landkreise.digital\/index.php\/2022\/10\/14\/3-vernetzungstreffen\/#respond"]}]},{"@type":"WebPage","@id":"https:\/\/www.landkreise.digital\/index.php\/2022\/10\/14\/3-vernetzungstreffen\/","url":"https:\/\/www.landkreise.digital\/index.php\/2022\/10\/14\/3-vernetzungstreffen\/","name":"Drittes Vernetzungstreffen - Projekt Smarte.Land.Regionen","isPartOf":{"@id":"https:\/\/www.landkreise.digital\/#website"},"primaryImageOfPage":{"@id":"https:\/\/www.landkreise.digital\/index.php\/2022\/10\/14\/3-vernetzungstreffen\/#primaryimage"},"image":{"@id":"https:\/\/www.landkreise.digital\/index.php\/2022\/10\/14\/3-vernetzungstreffen\/#primaryimage"},"thumbnailUrl":"https:\/\/www.landkreise.digital\/wp-content\/uploads\/sites\/21\/2022\/10\/PXL_20220929_074440915-scaled-e1665728864884.jpg","datePublished":"2022-10-14T06:31:13+00:00","dateModified":"2022-10-14T07:18:05+00:00","description":"Unter dem Motto \u00bbVerbesserung der Daseinsvorsorge durch Digitalisierung\u00ab fand das insgesamt dritte Vernetzungstreffen statt.","breadcrumb":{"@id":"https:\/\/www.landkreise.digital\/index.php\/2022\/10\/14\/3-vernetzungstreffen\/#breadcrumb"},"inLanguage":"de","potentialAction":[{"@type":"ReadAction","target":["https:\/\/www.landkreise.digital\/index.php\/2022\/10\/14\/3-vernetzungstreffen\/"]}]},{"@type":"ImageObject","inLanguage":"de","@id":"https:\/\/www.landkreise.digital\/index.php\/2022\/10\/14\/3-vernetzungstreffen\/#primaryimage","url":"https:\/\/www.landkreise.digital\/wp-content\/uploads\/sites\/21\/2022\/10\/PXL_20220929_074440915-scaled-e1665728864884.jpg","contentUrl":"https:\/\/www.landkreise.digital\/wp-content\/uploads\/sites\/21\/2022\/10\/PXL_20220929_074440915-scaled-e1665728864884.jpg","width":2560,"height":1440,"caption":"Pr\u00e4sentation \u00fcber das Modellvorhaben vor den Teilnehmenden"},{"@type":"BreadcrumbList","@id":"https:\/\/www.landkreise.digital\/index.php\/2022\/10\/14\/3-vernetzungstreffen\/#breadcrumb","itemListElement":[{"@type":"ListItem","position":1,"name":"Home","item":"https:\/\/www.landkreise.digital\/"},{"@type":"ListItem","position":2,"name":"Drittes Vernetzungstreffen"}]},{"@type":"WebSite","@id":"https:\/\/www.landkreise.digital\/#website","url":"https:\/\/www.landkreise.digital\/","name":"Projekt Smarte.Land.Regionen","description":"Digitale L\u00f6sungen f\u00fcrs Land","publisher":{"@id":"https:\/\/www.landkreise.digital\/#organization"},"potentialAction":[{"@type":"SearchAction","target":{"@type":"EntryPoint","urlTemplate":"https:\/\/www.landkreise.digital\/?s={search_term_string}"},"query-input":{"@type":"PropertyValueSpecification","valueRequired":true,"valueName":"search_term_string"}}],"inLanguage":"de"},{"@type":"Organization","@id":"https:\/\/www.landkreise.digital\/#organization","name":"Projekt Smarte.Land.Regionen","url":"https:\/\/www.landkreise.digital\/","logo":{"@type":"ImageObject","inLanguage":"de","@id":"https:\/\/www.landkreise.digital\/#\/schema\/logo\/image\/","url":"https:\/\/www.landkreise.digital\/wp-content\/uploads\/sites\/21\/2023\/02\/Landschaftsbild.jpg","contentUrl":"https:\/\/www.landkreise.digital\/wp-content\/uploads\/sites\/21\/2023\/02\/Landschaftsbild.jpg","width":2000,"height":1333,"caption":"Projekt Smarte.Land.Regionen"},"image":{"@id":"https:\/\/www.landkreise.digital\/#\/schema\/logo\/image\/"},"sameAs":["https:\/\/www.facebook.com\/SLRegionen","https:\/\/x.com\/SLRegionen","https:\/\/www.linkedin.com\/in\/smarte-land-regionen\/"]},{"@type":"Person","@id":"https:\/\/www.landkreise.digital\/#\/schema\/person\/771d7a5f648c4b161a52a4b5bcdc36f0","name":"Fabienne Hammer","image":{"@type":"ImageObject","inLanguage":"de","@id":"https:\/\/secure.gravatar.com\/avatar\/df8dd5aed7ff115178b177cc5d45b78519cb7b0a0339ac3709c25082aeadee6a?s=96&d=mm&r=g","url":"https:\/\/secure.gravatar.com\/avatar\/df8dd5aed7ff115178b177cc5d45b78519cb7b0a0339ac3709c25082aeadee6a?s=96&d=mm&r=g","contentUrl":"https:\/\/secure.gravatar.com\/avatar\/df8dd5aed7ff115178b177cc5d45b78519cb7b0a0339ac3709c25082aeadee6a?s=96&d=mm&r=g","caption":"Fabienne Hammer"},"url":"https:\/\/www.landkreise.digital\/index.php\/author\/hammer\/"}]}},"_links":{"self":[{"href":"https:\/\/www.landkreise.digital\/index.php\/wp-json\/wp\/v2\/posts\/4888","targetHints":{"allow":["GET"]}}],"collection":[{"href":"https:\/\/www.landkreise.digital\/index.php\/wp-json\/wp\/v2\/posts"}],"about":[{"href":"https:\/\/www.landkreise.digital\/index.php\/wp-json\/wp\/v2\/types\/post"}],"author":[{"embeddable":true,"href":"https:\/\/www.landkreise.digital\/index.php\/wp-json\/wp\/v2\/users\/34"}],"replies":[{"embeddable":true,"href":"https:\/\/www.landkreise.digital\/index.php\/wp-json\/wp\/v2\/comments?post=4888"}],"version-history":[{"count":0,"href":"https:\/\/www.landkreise.digital\/index.php\/wp-json\/wp\/v2\/posts\/4888\/revisions"}],"wp:featuredmedia":[{"embeddable":true,"href":"https:\/\/www.landkreise.digital\/index.php\/wp-json\/wp\/v2\/media\/4894"}],"wp:attachment":[{"href":"https:\/\/www.landkreise.digital\/index.php\/wp-json\/wp\/v2\/media?parent=4888"}],"wp:term":[{"taxonomy":"category","embeddable":true,"href":"https:\/\/www.landkreise.digital\/index.php\/wp-json\/wp\/v2\/categories?post=4888"},{"taxonomy":"post_tag","embeddable":true,"href":"https:\/\/www.landkreise.digital\/index.php\/wp-json\/wp\/v2\/tags?post=4888"}],"curies":[{"name":"wp","href":"https:\/\/api.w.org\/{rel}","templated":true}]}}