{"id":4526,"date":"2021-10-20T09:46:51","date_gmt":"2021-10-20T09:46:51","guid":{"rendered":"https:\/\/www.landkreise.digital\/?p=4526"},"modified":"2021-11-08T07:30:19","modified_gmt":"2021-11-08T07:30:19","slug":"erstes-vernetzungstreffen-geglueckt","status":"publish","type":"post","link":"https:\/\/www.landkreise.digital\/index.php\/2021\/10\/20\/erstes-vernetzungstreffen-geglueckt\/","title":{"rendered":"Erstes Vernetzungstreffen gegl\u00fcckt!"},"content":{"rendered":"<h4><strong>Erstes Vernetzungstreffen des Modellvorhabens Smarte.Land.Regionen gegl\u00fcckt!<\/strong><\/h4>\n<p><img decoding=\"async\" class=\"lazyload aligncenter wp-image-4540 size-full\" src=\"https:\/\/gutenberg.iese.de\/wp-content\/uploads\/sites\/21\/2021\/10\/IMG_8082geschnitten2.jpg\" data-orig-src=\"https:\/\/gutenberg.iese.de\/wp-content\/uploads\/sites\/21\/2021\/10\/IMG_8082geschnitten2.jpg\" alt=\"Gruppenbild der Teilnehmer:innen des Vernetzungstreffens.\" width=\"2016\" height=\"1012\" srcset=\"data:image\/svg+xml,%3Csvg%20xmlns%3D%27http%3A%2F%2Fwww.w3.org%2F2000%2Fsvg%27%20width%3D%272016%27%20height%3D%271012%27%20viewBox%3D%270%200%202016%201012%27%3E%3Crect%20width%3D%272016%27%20height%3D%271012%27%20fill-opacity%3D%220%22%2F%3E%3C%2Fsvg%3E\" data-srcset=\"https:\/\/www.landkreise.digital\/wp-content\/uploads\/sites\/21\/2021\/10\/IMG_8082geschnitten2-200x100.jpg 200w, https:\/\/www.landkreise.digital\/wp-content\/uploads\/sites\/21\/2021\/10\/IMG_8082geschnitten2-300x151.jpg 300w, https:\/\/www.landkreise.digital\/wp-content\/uploads\/sites\/21\/2021\/10\/IMG_8082geschnitten2-400x201.jpg 400w, https:\/\/www.landkreise.digital\/wp-content\/uploads\/sites\/21\/2021\/10\/IMG_8082geschnitten2-540x272.jpg 540w, https:\/\/www.landkreise.digital\/wp-content\/uploads\/sites\/21\/2021\/10\/IMG_8082geschnitten2-600x301.jpg 600w, https:\/\/www.landkreise.digital\/wp-content\/uploads\/sites\/21\/2021\/10\/IMG_8082geschnitten2-768x386.jpg 768w, https:\/\/www.landkreise.digital\/wp-content\/uploads\/sites\/21\/2021\/10\/IMG_8082geschnitten2-800x402.jpg 800w, https:\/\/www.landkreise.digital\/wp-content\/uploads\/sites\/21\/2021\/10\/IMG_8082geschnitten2-1024x514.jpg 1024w, https:\/\/www.landkreise.digital\/wp-content\/uploads\/sites\/21\/2021\/10\/IMG_8082geschnitten2-1200x602.jpg 1200w, https:\/\/www.landkreise.digital\/wp-content\/uploads\/sites\/21\/2021\/10\/IMG_8082geschnitten2-1536x771.jpg 1536w, https:\/\/www.landkreise.digital\/wp-content\/uploads\/sites\/21\/2021\/10\/IMG_8082geschnitten2.jpg 2016w\" data-sizes=\"auto\" data-orig-sizes=\"(max-width: 2016px) 100vw, 2016px\" \/><\/p>\n<p><strong>Vom 04. bis 06. Oktober fand in Bernkastel-Wittlich das erste Vernetzungstreffen des <\/strong><a href=\"https:\/\/www.bmel.de\/DE\/themen\/laendliche-regionen\/digitales\/smarte-landregionen\/mud-smarte-landregionen.html\"><strong>Modellvorhabens<\/strong><\/a><strong> Smarte.Land.Regionen statt. Das Ziel der Veranstaltung war die Vernetzung aller beteiligten Akteure und der gemeinsame fachliche Austausch \u00fcber die Entwicklung und Umsetzung digitaler L\u00f6sungen der Daseinsvorsorge. <\/strong><\/p>\n<p>Den Auftakt des Treffens bildete ein gemeinsames Abendessen, er\u00f6ffnet durch die Worte von Landrat Gregor Eibes (Landkreis Bernkastel-Wittlich), Dr. Ursula Monnerjahn (Bundesministerium f\u00fcr Ern\u00e4hrung und Landwirtschaft) und Meik Poschen (Gesch\u00e4ftsstelle im Kompetenzzentrum L\u00e4ndliche Entwicklung, KomLE).<\/p>\n<p>Der n\u00e4chste Tag startete mit den aktuellen Projektst\u00e4nden in den Landkreisen sowie den ersten Erfahrungen der Projektpartner. Die <a href=\"https:\/\/www.landkreise.digital\/index.php\/landkreise\/\">Landkreise<\/a> pr\u00e4sentierten ihre wesentlichen Erkenntnisse und nahmen Bezug auf ihre Herausforderungen in der ersten Projektphase. Nachdem die Landkreise ihre Erkenntnisse vorgestellt hatten, folgten die Erfahrungen der Projektpartner. Hierf\u00fcr hatten die Gesch\u00e4ftsstelle des KomLE, vertreten durch Josephine Lenk und Anna-Dorothea Werner, Steffen Hess vom Fraunhofer IESE, Florian Apel-Soetebeer und Matthias Canzler von der IT-Prozessbegleitung (Prognos AG, Neuland21 e.v., City &amp; Bits GmbH) sowie Katrin Wilbert von der Begleitforschung (Empirica, Empirica GmbH) Pr\u00e4sentationen vorbereitet. Unser <a href=\"https:\/\/www.landkreise.digital\/index.php\/forschungsprojekt\/\">Forschungsprojekt<\/a>-Team gab unter anderem Einblicke in die L\u00f6sungsentwicklung und zuk\u00fcnftige Meilensteine.<\/p>\n<p>Nach einer Kaffeepause folgte der Themenblock zwei, mit dem Schwerpunkt \u00bbStrategische Ausrichtung \u2013 Digitalisierungsstrategie\u00ab. Die Landkreise Vorpommern-Greifswald und Coesfeld stellten ihre Kurzstatements zur Digitalisierungsstrategie vor, gefolgt von zahlreichen R\u00fcckfragen aus dem Publikum.<\/p>\n<p>Au\u00dferdem wurde der neue <a href=\"https:\/\/www.youtube.com\/watch?v=dhpp_fYMxTs\">Erkl\u00e4rfilm<\/a> \u00bb<strong>Digitales \u00d6kosystem<\/strong>\u00ab vorgestellt. Kommunikation und Beteiligung waren die Schwerpunktthemen im dritten Block. Impulse zur Beteiligung und Kommunikation von smarten Landkreisen brachte Silvia Henning (IT-Prozessbegleitung) ein. Der Landkreis Potsdam-Mittelmark stellte sein Kurzstatement vor und Annika Meier (Forschungsprojekt-Team) gab gemeinsam mit dem Landkreis Bernkastel-Wittlich weitere Einblicke zur Beteiligung mit CONSUL.<\/p>\n<p>Danach fand im vierten Themenblock eine Diskussion im Plenum statt. Der vierte Themenblock wurde intensiv f\u00fcr den Austausch untereinander genutzt. Dabei wurde unter anderem \u00fcber die Dienstentwicklung und Zeitplanung, die Kooperation und Zusammenarbeit der Modellregionen sowie \u00fcber Methoden und Tools zum Management der Zusammenarbeit gesprochen. Eine Zusammenfassung sowie ein Ausblick folgten der Diskussionsrunde.<\/p>\n<p>Am sp\u00e4ten Nachmittag nahmen alle Beteiligten an einer Exkursion zum Dienstleistungszentrum l\u00e4ndlicher Raum Mosel teil. Mit einem gemeinsamen Abendessen wurde der Tag abgerundet.<\/p>\n<p>Am 06. Oktober, dem letzten Tag des Vernetzungstreffens, lag der Fokus auf dem informellen Austausch der Beteiligten. Als Diskussionspartner standen unser Forschungsprojekt-Team, die IT-Prozessbegleitung, die Gesch\u00e4ftsstelle KomLE und die Begleitforschung zur Verf\u00fcgung. Nach einer virtuellen Vorstellung des restlichen Fraunhofer-IESE-Projektteams in Kaiserslautern wurde eine Kurzf\u00fchrung beim makerspace (offene Werkstatt f\u00fcr Ger\u00e4te und Software aus verschiedenen Bereichen) in Wittlich angeboten.<\/p>\n<p>Zusammenfassend war das erste Vernetzungstreffen des Modellvorhabens <strong>Smarte.Land.Regionen<\/strong> ein voller Erfolg! Die Landkreise konnten sich austauschen und intensiv \u00fcber die Digitalisierung in l\u00e4ndlichen R\u00e4umen und die damit verbundenen Herausforderungen diskutieren.<\/p>\n","protected":false},"excerpt":{"rendered":"<p>Vom 04. bis 06. Oktober fand in Bernkastel-Wittlich das erste Vernetzungstreffen des Modellvorhabens Smarte.Land.Regionen statt. Das Ziel der Veranstaltung war die Vernetzung aller beteiligten Akteure und der gemeinsame fachliche Austausch \u00fcber die Entwicklung und Umsetzung digitaler L\u00f6sungen der Daseinsvorsorge.<\/p>\n","protected":false},"author":34,"featured_media":4540,"comment_status":"open","ping_status":"open","sticky":false,"template":"","format":"standard","meta":{"footnotes":""},"categories":[85,89],"tags":[87,86,104],"class_list":["post-4526","post","type-post","status-publish","format-standard","has-post-thumbnail","hentry","category-allgemein","category-neuigkeiten","tag-digitalisierung","tag-smarte-land-regionen","tag-vernetzungstreffen"],"yoast_head":"<!-- This site is optimized with the Yoast SEO plugin v27.5 - https:\/\/yoast.com\/product\/yoast-seo-wordpress\/ -->\n<title>Erstes Vernetzungstreffen gegl\u00fcckt! - Projekt Smarte.Land.Regionen<\/title>\n<meta name=\"description\" content=\"Das Ziel des ersten Vernetzungstreffen war die Vernetzung aller beteiligten Akteure und der gemeinsame fachliche Austausch.\" \/>\n<meta name=\"robots\" content=\"index, follow, max-snippet:-1, max-image-preview:large, max-video-preview:-1\" \/>\n<link rel=\"canonical\" href=\"https:\/\/www.landkreise.digital\/index.php\/2021\/10\/20\/erstes-vernetzungstreffen-geglueckt\/\" \/>\n<meta property=\"og:locale\" content=\"de_DE\" \/>\n<meta property=\"og:type\" content=\"article\" \/>\n<meta property=\"og:title\" content=\"Erstes Vernetzungstreffen gegl\u00fcckt! - Projekt Smarte.Land.Regionen\" \/>\n<meta property=\"og:description\" content=\"Das Ziel des ersten Vernetzungstreffen war die Vernetzung aller beteiligten Akteure und der gemeinsame fachliche Austausch.\" \/>\n<meta property=\"og:url\" content=\"https:\/\/www.landkreise.digital\/index.php\/2021\/10\/20\/erstes-vernetzungstreffen-geglueckt\/\" \/>\n<meta property=\"og:site_name\" content=\"Projekt Smarte.Land.Regionen\" \/>\n<meta property=\"article:publisher\" content=\"https:\/\/www.facebook.com\/SLRegionen\" \/>\n<meta property=\"article:published_time\" content=\"2021-10-20T09:46:51+00:00\" \/>\n<meta property=\"article:modified_time\" content=\"2021-11-08T07:30:19+00:00\" \/>\n<meta property=\"og:image\" content=\"https:\/\/www.landkreise.digital\/wp-content\/uploads\/sites\/21\/2021\/10\/IMG_8082geschnitten2.jpg\" \/>\n\t<meta property=\"og:image:width\" content=\"2016\" \/>\n\t<meta property=\"og:image:height\" content=\"1012\" \/>\n\t<meta property=\"og:image:type\" content=\"image\/jpeg\" \/>\n<meta name=\"author\" content=\"Fabienne Hammer\" \/>\n<meta name=\"twitter:card\" content=\"summary_large_image\" \/>\n<meta name=\"twitter:creator\" content=\"@SLRegionen\" \/>\n<meta name=\"twitter:site\" content=\"@SLRegionen\" \/>\n<meta name=\"twitter:label1\" content=\"Verfasst von\" \/>\n\t<meta name=\"twitter:data1\" content=\"Fabienne Hammer\" \/>\n\t<meta name=\"twitter:label2\" content=\"Gesch\u00e4tzte Lesezeit\" \/>\n\t<meta name=\"twitter:data2\" content=\"3\u00a0Minuten\" \/>\n<script type=\"application\/ld+json\" class=\"yoast-schema-graph\">{\"@context\":\"https:\\\/\\\/schema.org\",\"@graph\":[{\"@type\":\"Article\",\"@id\":\"https:\\\/\\\/www.landkreise.digital\\\/index.php\\\/2021\\\/10\\\/20\\\/erstes-vernetzungstreffen-geglueckt\\\/#article\",\"isPartOf\":{\"@id\":\"https:\\\/\\\/www.landkreise.digital\\\/index.php\\\/2021\\\/10\\\/20\\\/erstes-vernetzungstreffen-geglueckt\\\/\"},\"author\":{\"name\":\"Fabienne Hammer\",\"@id\":\"https:\\\/\\\/www.landkreise.digital\\\/#\\\/schema\\\/person\\\/771d7a5f648c4b161a52a4b5bcdc36f0\"},\"headline\":\"Erstes Vernetzungstreffen gegl\u00fcckt!\",\"datePublished\":\"2021-10-20T09:46:51+00:00\",\"dateModified\":\"2021-11-08T07:30:19+00:00\",\"mainEntityOfPage\":{\"@id\":\"https:\\\/\\\/www.landkreise.digital\\\/index.php\\\/2021\\\/10\\\/20\\\/erstes-vernetzungstreffen-geglueckt\\\/\"},\"wordCount\":466,\"commentCount\":0,\"publisher\":{\"@id\":\"https:\\\/\\\/www.landkreise.digital\\\/#organization\"},\"image\":{\"@id\":\"https:\\\/\\\/www.landkreise.digital\\\/index.php\\\/2021\\\/10\\\/20\\\/erstes-vernetzungstreffen-geglueckt\\\/#primaryimage\"},\"thumbnailUrl\":\"https:\\\/\\\/www.landkreise.digital\\\/wp-content\\\/uploads\\\/sites\\\/21\\\/2021\\\/10\\\/IMG_8082geschnitten2.jpg\",\"keywords\":[\"Digitalisierung\",\"Smarte.Land.Regionen\",\"Vernetzungstreffen\"],\"articleSection\":{\"1\":\"Neuigkeiten\"},\"inLanguage\":\"de\",\"potentialAction\":[{\"@type\":\"CommentAction\",\"name\":\"Comment\",\"target\":[\"https:\\\/\\\/www.landkreise.digital\\\/index.php\\\/2021\\\/10\\\/20\\\/erstes-vernetzungstreffen-geglueckt\\\/#respond\"]}]},{\"@type\":\"WebPage\",\"@id\":\"https:\\\/\\\/www.landkreise.digital\\\/index.php\\\/2021\\\/10\\\/20\\\/erstes-vernetzungstreffen-geglueckt\\\/\",\"url\":\"https:\\\/\\\/www.landkreise.digital\\\/index.php\\\/2021\\\/10\\\/20\\\/erstes-vernetzungstreffen-geglueckt\\\/\",\"name\":\"Erstes Vernetzungstreffen gegl\u00fcckt! - Projekt Smarte.Land.Regionen\",\"isPartOf\":{\"@id\":\"https:\\\/\\\/www.landkreise.digital\\\/#website\"},\"primaryImageOfPage\":{\"@id\":\"https:\\\/\\\/www.landkreise.digital\\\/index.php\\\/2021\\\/10\\\/20\\\/erstes-vernetzungstreffen-geglueckt\\\/#primaryimage\"},\"image\":{\"@id\":\"https:\\\/\\\/www.landkreise.digital\\\/index.php\\\/2021\\\/10\\\/20\\\/erstes-vernetzungstreffen-geglueckt\\\/#primaryimage\"},\"thumbnailUrl\":\"https:\\\/\\\/www.landkreise.digital\\\/wp-content\\\/uploads\\\/sites\\\/21\\\/2021\\\/10\\\/IMG_8082geschnitten2.jpg\",\"datePublished\":\"2021-10-20T09:46:51+00:00\",\"dateModified\":\"2021-11-08T07:30:19+00:00\",\"description\":\"Das Ziel des ersten Vernetzungstreffen war die Vernetzung aller beteiligten Akteure und der gemeinsame fachliche Austausch.\",\"breadcrumb\":{\"@id\":\"https:\\\/\\\/www.landkreise.digital\\\/index.php\\\/2021\\\/10\\\/20\\\/erstes-vernetzungstreffen-geglueckt\\\/#breadcrumb\"},\"inLanguage\":\"de\",\"potentialAction\":[{\"@type\":\"ReadAction\",\"target\":[\"https:\\\/\\\/www.landkreise.digital\\\/index.php\\\/2021\\\/10\\\/20\\\/erstes-vernetzungstreffen-geglueckt\\\/\"]}]},{\"@type\":\"ImageObject\",\"inLanguage\":\"de\",\"@id\":\"https:\\\/\\\/www.landkreise.digital\\\/index.php\\\/2021\\\/10\\\/20\\\/erstes-vernetzungstreffen-geglueckt\\\/#primaryimage\",\"url\":\"https:\\\/\\\/www.landkreise.digital\\\/wp-content\\\/uploads\\\/sites\\\/21\\\/2021\\\/10\\\/IMG_8082geschnitten2.jpg\",\"contentUrl\":\"https:\\\/\\\/www.landkreise.digital\\\/wp-content\\\/uploads\\\/sites\\\/21\\\/2021\\\/10\\\/IMG_8082geschnitten2.jpg\",\"width\":2016,\"height\":1012,\"caption\":\"Gruppenbild der Teilnehmer:innen des Vernetzungstreffens.\"},{\"@type\":\"BreadcrumbList\",\"@id\":\"https:\\\/\\\/www.landkreise.digital\\\/index.php\\\/2021\\\/10\\\/20\\\/erstes-vernetzungstreffen-geglueckt\\\/#breadcrumb\",\"itemListElement\":[{\"@type\":\"ListItem\",\"position\":1,\"name\":\"Home\",\"item\":\"https:\\\/\\\/www.landkreise.digital\\\/\"},{\"@type\":\"ListItem\",\"position\":2,\"name\":\"Erstes Vernetzungstreffen gegl\u00fcckt!\"}]},{\"@type\":\"WebSite\",\"@id\":\"https:\\\/\\\/www.landkreise.digital\\\/#website\",\"url\":\"https:\\\/\\\/www.landkreise.digital\\\/\",\"name\":\"Projekt Smarte.Land.Regionen\",\"description\":\"Digitale L\u00f6sungen f\u00fcrs Land\",\"publisher\":{\"@id\":\"https:\\\/\\\/www.landkreise.digital\\\/#organization\"},\"potentialAction\":[{\"@type\":\"SearchAction\",\"target\":{\"@type\":\"EntryPoint\",\"urlTemplate\":\"https:\\\/\\\/www.landkreise.digital\\\/?s={search_term_string}\"},\"query-input\":{\"@type\":\"PropertyValueSpecification\",\"valueRequired\":true,\"valueName\":\"search_term_string\"}}],\"inLanguage\":\"de\"},{\"@type\":\"Organization\",\"@id\":\"https:\\\/\\\/www.landkreise.digital\\\/#organization\",\"name\":\"Projekt Smarte.Land.Regionen\",\"url\":\"https:\\\/\\\/www.landkreise.digital\\\/\",\"logo\":{\"@type\":\"ImageObject\",\"inLanguage\":\"de\",\"@id\":\"https:\\\/\\\/www.landkreise.digital\\\/#\\\/schema\\\/logo\\\/image\\\/\",\"url\":\"https:\\\/\\\/www.landkreise.digital\\\/wp-content\\\/uploads\\\/sites\\\/21\\\/2023\\\/02\\\/Landschaftsbild.jpg\",\"contentUrl\":\"https:\\\/\\\/www.landkreise.digital\\\/wp-content\\\/uploads\\\/sites\\\/21\\\/2023\\\/02\\\/Landschaftsbild.jpg\",\"width\":2000,\"height\":1333,\"caption\":\"Projekt Smarte.Land.Regionen\"},\"image\":{\"@id\":\"https:\\\/\\\/www.landkreise.digital\\\/#\\\/schema\\\/logo\\\/image\\\/\"},\"sameAs\":[\"https:\\\/\\\/www.facebook.com\\\/SLRegionen\",\"https:\\\/\\\/x.com\\\/SLRegionen\",\"https:\\\/\\\/www.linkedin.com\\\/in\\\/smarte-land-regionen\\\/\"]},{\"@type\":\"Person\",\"@id\":\"https:\\\/\\\/www.landkreise.digital\\\/#\\\/schema\\\/person\\\/771d7a5f648c4b161a52a4b5bcdc36f0\",\"name\":\"Fabienne Hammer\",\"image\":{\"@type\":\"ImageObject\",\"inLanguage\":\"de\",\"@id\":\"https:\\\/\\\/secure.gravatar.com\\\/avatar\\\/df8dd5aed7ff115178b177cc5d45b78519cb7b0a0339ac3709c25082aeadee6a?s=96&d=mm&r=g\",\"url\":\"https:\\\/\\\/secure.gravatar.com\\\/avatar\\\/df8dd5aed7ff115178b177cc5d45b78519cb7b0a0339ac3709c25082aeadee6a?s=96&d=mm&r=g\",\"contentUrl\":\"https:\\\/\\\/secure.gravatar.com\\\/avatar\\\/df8dd5aed7ff115178b177cc5d45b78519cb7b0a0339ac3709c25082aeadee6a?s=96&d=mm&r=g\",\"caption\":\"Fabienne Hammer\"},\"url\":\"https:\\\/\\\/www.landkreise.digital\\\/index.php\\\/author\\\/hammer\\\/\"}]}<\/script>\n<!-- \/ Yoast SEO plugin. -->","yoast_head_json":{"title":"Erstes Vernetzungstreffen gegl\u00fcckt! - Projekt Smarte.Land.Regionen","description":"Das Ziel des ersten Vernetzungstreffen war die Vernetzung aller beteiligten Akteure und der gemeinsame fachliche Austausch.","robots":{"index":"index","follow":"follow","max-snippet":"max-snippet:-1","max-image-preview":"max-image-preview:large","max-video-preview":"max-video-preview:-1"},"canonical":"https:\/\/www.landkreise.digital\/index.php\/2021\/10\/20\/erstes-vernetzungstreffen-geglueckt\/","og_locale":"de_DE","og_type":"article","og_title":"Erstes Vernetzungstreffen gegl\u00fcckt! - Projekt Smarte.Land.Regionen","og_description":"Das Ziel des ersten Vernetzungstreffen war die Vernetzung aller beteiligten Akteure und der gemeinsame fachliche Austausch.","og_url":"https:\/\/www.landkreise.digital\/index.php\/2021\/10\/20\/erstes-vernetzungstreffen-geglueckt\/","og_site_name":"Projekt Smarte.Land.Regionen","article_publisher":"https:\/\/www.facebook.com\/SLRegionen","article_published_time":"2021-10-20T09:46:51+00:00","article_modified_time":"2021-11-08T07:30:19+00:00","og_image":[{"width":2016,"height":1012,"url":"https:\/\/www.landkreise.digital\/wp-content\/uploads\/sites\/21\/2021\/10\/IMG_8082geschnitten2.jpg","type":"image\/jpeg"}],"author":"Fabienne Hammer","twitter_card":"summary_large_image","twitter_creator":"@SLRegionen","twitter_site":"@SLRegionen","twitter_misc":{"Verfasst von":"Fabienne Hammer","Gesch\u00e4tzte Lesezeit":"3\u00a0Minuten"},"schema":{"@context":"https:\/\/schema.org","@graph":[{"@type":"Article","@id":"https:\/\/www.landkreise.digital\/index.php\/2021\/10\/20\/erstes-vernetzungstreffen-geglueckt\/#article","isPartOf":{"@id":"https:\/\/www.landkreise.digital\/index.php\/2021\/10\/20\/erstes-vernetzungstreffen-geglueckt\/"},"author":{"name":"Fabienne Hammer","@id":"https:\/\/www.landkreise.digital\/#\/schema\/person\/771d7a5f648c4b161a52a4b5bcdc36f0"},"headline":"Erstes Vernetzungstreffen gegl\u00fcckt!","datePublished":"2021-10-20T09:46:51+00:00","dateModified":"2021-11-08T07:30:19+00:00","mainEntityOfPage":{"@id":"https:\/\/www.landkreise.digital\/index.php\/2021\/10\/20\/erstes-vernetzungstreffen-geglueckt\/"},"wordCount":466,"commentCount":0,"publisher":{"@id":"https:\/\/www.landkreise.digital\/#organization"},"image":{"@id":"https:\/\/www.landkreise.digital\/index.php\/2021\/10\/20\/erstes-vernetzungstreffen-geglueckt\/#primaryimage"},"thumbnailUrl":"https:\/\/www.landkreise.digital\/wp-content\/uploads\/sites\/21\/2021\/10\/IMG_8082geschnitten2.jpg","keywords":["Digitalisierung","Smarte.Land.Regionen","Vernetzungstreffen"],"articleSection":{"1":"Neuigkeiten"},"inLanguage":"de","potentialAction":[{"@type":"CommentAction","name":"Comment","target":["https:\/\/www.landkreise.digital\/index.php\/2021\/10\/20\/erstes-vernetzungstreffen-geglueckt\/#respond"]}]},{"@type":"WebPage","@id":"https:\/\/www.landkreise.digital\/index.php\/2021\/10\/20\/erstes-vernetzungstreffen-geglueckt\/","url":"https:\/\/www.landkreise.digital\/index.php\/2021\/10\/20\/erstes-vernetzungstreffen-geglueckt\/","name":"Erstes Vernetzungstreffen gegl\u00fcckt! - Projekt Smarte.Land.Regionen","isPartOf":{"@id":"https:\/\/www.landkreise.digital\/#website"},"primaryImageOfPage":{"@id":"https:\/\/www.landkreise.digital\/index.php\/2021\/10\/20\/erstes-vernetzungstreffen-geglueckt\/#primaryimage"},"image":{"@id":"https:\/\/www.landkreise.digital\/index.php\/2021\/10\/20\/erstes-vernetzungstreffen-geglueckt\/#primaryimage"},"thumbnailUrl":"https:\/\/www.landkreise.digital\/wp-content\/uploads\/sites\/21\/2021\/10\/IMG_8082geschnitten2.jpg","datePublished":"2021-10-20T09:46:51+00:00","dateModified":"2021-11-08T07:30:19+00:00","description":"Das Ziel des ersten Vernetzungstreffen war die Vernetzung aller beteiligten Akteure und der gemeinsame fachliche Austausch.","breadcrumb":{"@id":"https:\/\/www.landkreise.digital\/index.php\/2021\/10\/20\/erstes-vernetzungstreffen-geglueckt\/#breadcrumb"},"inLanguage":"de","potentialAction":[{"@type":"ReadAction","target":["https:\/\/www.landkreise.digital\/index.php\/2021\/10\/20\/erstes-vernetzungstreffen-geglueckt\/"]}]},{"@type":"ImageObject","inLanguage":"de","@id":"https:\/\/www.landkreise.digital\/index.php\/2021\/10\/20\/erstes-vernetzungstreffen-geglueckt\/#primaryimage","url":"https:\/\/www.landkreise.digital\/wp-content\/uploads\/sites\/21\/2021\/10\/IMG_8082geschnitten2.jpg","contentUrl":"https:\/\/www.landkreise.digital\/wp-content\/uploads\/sites\/21\/2021\/10\/IMG_8082geschnitten2.jpg","width":2016,"height":1012,"caption":"Gruppenbild der Teilnehmer:innen des Vernetzungstreffens."},{"@type":"BreadcrumbList","@id":"https:\/\/www.landkreise.digital\/index.php\/2021\/10\/20\/erstes-vernetzungstreffen-geglueckt\/#breadcrumb","itemListElement":[{"@type":"ListItem","position":1,"name":"Home","item":"https:\/\/www.landkreise.digital\/"},{"@type":"ListItem","position":2,"name":"Erstes Vernetzungstreffen gegl\u00fcckt!"}]},{"@type":"WebSite","@id":"https:\/\/www.landkreise.digital\/#website","url":"https:\/\/www.landkreise.digital\/","name":"Projekt Smarte.Land.Regionen","description":"Digitale L\u00f6sungen f\u00fcrs Land","publisher":{"@id":"https:\/\/www.landkreise.digital\/#organization"},"potentialAction":[{"@type":"SearchAction","target":{"@type":"EntryPoint","urlTemplate":"https:\/\/www.landkreise.digital\/?s={search_term_string}"},"query-input":{"@type":"PropertyValueSpecification","valueRequired":true,"valueName":"search_term_string"}}],"inLanguage":"de"},{"@type":"Organization","@id":"https:\/\/www.landkreise.digital\/#organization","name":"Projekt Smarte.Land.Regionen","url":"https:\/\/www.landkreise.digital\/","logo":{"@type":"ImageObject","inLanguage":"de","@id":"https:\/\/www.landkreise.digital\/#\/schema\/logo\/image\/","url":"https:\/\/www.landkreise.digital\/wp-content\/uploads\/sites\/21\/2023\/02\/Landschaftsbild.jpg","contentUrl":"https:\/\/www.landkreise.digital\/wp-content\/uploads\/sites\/21\/2023\/02\/Landschaftsbild.jpg","width":2000,"height":1333,"caption":"Projekt Smarte.Land.Regionen"},"image":{"@id":"https:\/\/www.landkreise.digital\/#\/schema\/logo\/image\/"},"sameAs":["https:\/\/www.facebook.com\/SLRegionen","https:\/\/x.com\/SLRegionen","https:\/\/www.linkedin.com\/in\/smarte-land-regionen\/"]},{"@type":"Person","@id":"https:\/\/www.landkreise.digital\/#\/schema\/person\/771d7a5f648c4b161a52a4b5bcdc36f0","name":"Fabienne Hammer","image":{"@type":"ImageObject","inLanguage":"de","@id":"https:\/\/secure.gravatar.com\/avatar\/df8dd5aed7ff115178b177cc5d45b78519cb7b0a0339ac3709c25082aeadee6a?s=96&d=mm&r=g","url":"https:\/\/secure.gravatar.com\/avatar\/df8dd5aed7ff115178b177cc5d45b78519cb7b0a0339ac3709c25082aeadee6a?s=96&d=mm&r=g","contentUrl":"https:\/\/secure.gravatar.com\/avatar\/df8dd5aed7ff115178b177cc5d45b78519cb7b0a0339ac3709c25082aeadee6a?s=96&d=mm&r=g","caption":"Fabienne Hammer"},"url":"https:\/\/www.landkreise.digital\/index.php\/author\/hammer\/"}]}},"_links":{"self":[{"href":"https:\/\/www.landkreise.digital\/index.php\/wp-json\/wp\/v2\/posts\/4526","targetHints":{"allow":["GET"]}}],"collection":[{"href":"https:\/\/www.landkreise.digital\/index.php\/wp-json\/wp\/v2\/posts"}],"about":[{"href":"https:\/\/www.landkreise.digital\/index.php\/wp-json\/wp\/v2\/types\/post"}],"author":[{"embeddable":true,"href":"https:\/\/www.landkreise.digital\/index.php\/wp-json\/wp\/v2\/users\/34"}],"replies":[{"embeddable":true,"href":"https:\/\/www.landkreise.digital\/index.php\/wp-json\/wp\/v2\/comments?post=4526"}],"version-history":[{"count":0,"href":"https:\/\/www.landkreise.digital\/index.php\/wp-json\/wp\/v2\/posts\/4526\/revisions"}],"wp:featuredmedia":[{"embeddable":true,"href":"https:\/\/www.landkreise.digital\/index.php\/wp-json\/wp\/v2\/media\/4540"}],"wp:attachment":[{"href":"https:\/\/www.landkreise.digital\/index.php\/wp-json\/wp\/v2\/media?parent=4526"}],"wp:term":[{"taxonomy":"category","embeddable":true,"href":"https:\/\/www.landkreise.digital\/index.php\/wp-json\/wp\/v2\/categories?post=4526"},{"taxonomy":"post_tag","embeddable":true,"href":"https:\/\/www.landkreise.digital\/index.php\/wp-json\/wp\/v2\/tags?post=4526"}],"curies":[{"name":"wp","href":"https:\/\/api.w.org\/{rel}","templated":true}]}}