{"id":4249,"date":"2021-04-29T13:40:57","date_gmt":"2021-04-29T13:40:57","guid":{"rendered":"https:\/\/www.landkreise.digital\/?p=4249"},"modified":"2021-08-11T06:52:59","modified_gmt":"2021-08-11T06:52:59","slug":"auftaktveranstaltung","status":"publish","type":"post","link":"https:\/\/www.landkreise.digital\/index.php\/2021\/04\/29\/auftaktveranstaltung\/","title":{"rendered":"Auftaktveranstaltung gegl\u00fcckt!"},"content":{"rendered":"<h4>Auftaktveranstaltung gegl\u00fcckt!<\/h4>\n<p><img decoding=\"async\" class=\"lazyload aligncenter size-full wp-image-4250\" src=\"https:\/\/gutenberg.iese.de\/wp-content\/uploads\/sites\/21\/2021\/04\/IMG_9246-3-scaled.jpg\" data-orig-src=\"https:\/\/gutenberg.iese.de\/wp-content\/uploads\/sites\/21\/2021\/04\/IMG_9246-3-scaled.jpg\" alt=\"Pr\u00e4sentation des Forschungsprojekts\" width=\"2560\" height=\"1928\" srcset=\"data:image\/svg+xml,%3Csvg%20xmlns%3D%27http%3A%2F%2Fwww.w3.org%2F2000%2Fsvg%27%20width%3D%272560%27%20height%3D%271928%27%20viewBox%3D%270%200%202560%201928%27%3E%3Crect%20width%3D%272560%27%20height%3D%271928%27%20fill-opacity%3D%220%22%2F%3E%3C%2Fsvg%3E\" data-srcset=\"https:\/\/www.landkreise.digital\/wp-content\/uploads\/sites\/21\/2021\/04\/IMG_9246-3-200x151.jpg 200w, https:\/\/www.landkreise.digital\/wp-content\/uploads\/sites\/21\/2021\/04\/IMG_9246-3-300x226.jpg 300w, https:\/\/www.landkreise.digital\/wp-content\/uploads\/sites\/21\/2021\/04\/IMG_9246-3-400x301.jpg 400w, https:\/\/www.landkreise.digital\/wp-content\/uploads\/sites\/21\/2021\/04\/IMG_9246-3-600x452.jpg 600w, https:\/\/www.landkreise.digital\/wp-content\/uploads\/sites\/21\/2021\/04\/IMG_9246-3-768x579.jpg 768w, https:\/\/www.landkreise.digital\/wp-content\/uploads\/sites\/21\/2021\/04\/IMG_9246-3-800x603.jpg 800w, https:\/\/www.landkreise.digital\/wp-content\/uploads\/sites\/21\/2021\/04\/IMG_9246-3-1024x771.jpg 1024w, https:\/\/www.landkreise.digital\/wp-content\/uploads\/sites\/21\/2021\/04\/IMG_9246-3-1200x904.jpg 1200w, https:\/\/www.landkreise.digital\/wp-content\/uploads\/sites\/21\/2021\/04\/IMG_9246-3-1536x1157.jpg 1536w, https:\/\/www.landkreise.digital\/wp-content\/uploads\/sites\/21\/2021\/04\/IMG_9246-3-scaled.jpg 2560w\" data-sizes=\"auto\" data-orig-sizes=\"(max-width: 2560px) 100vw, 2560px\" \/><\/p>\n<p><strong>Ein R\u00fcckblick auf die Auftaktveranstaltung des Modellvorhabens Smarte.Land.Regionen am 15. April 2021. Hierbei waren wir mit dem Forschungsprojekt Smarte.Land.Regionen an zwei Vortr\u00e4gen zu <\/strong><strong>\u00bbDigitale Dienste und digitale Plattform. Die Rolle des Fraunhofer IESE<\/strong><strong>\u00ab und <\/strong><strong>\u00bbPartizipation f\u00fcr alle. Die Online-Beteiligungsplattform<\/strong><strong>\u00ab sowie an der Moderation von Breakout-Sessions zu den Themen <\/strong><strong>\u00bbGesundheit &amp; Sicherheit<\/strong><strong>\u00ab und <\/strong><strong>\u00bbMobilit\u00e4t, Information, Kommunikation<\/strong><strong>\u00ab beteiligt. <\/strong><\/p>\n<p>Am 15. April 2021 fand die Online-Auftaktveranstaltung des Modellvorhabens <a href=\"https:\/\/www.bmel.de\/DE\/themen\/laendliche-regionen\/digitales\/smarte-landregionen\/mud-smarte-landregionen.html\">Smarte.Land.Regionen<\/a> statt. Mit dem Modellvorhaben unterst\u00fctzt das Bundesministerium f\u00fcr Ern\u00e4hrung und Landwirtschaft (BMEL) l\u00e4ndliche Landkreise bei der Entwicklung und Umsetzung digitaler L\u00f6sungen. Das Ziel der Veranstaltung war die Vernetzung aller beteiligten Akteure und der gemeinsame fachliche Austausch \u00fcber die Entwicklung und Umsetzung digitaler L\u00f6sungen der Daseinsvorsorge. Zusammen mit verschiedenen Experten:innen wurde intensiv \u00fcber die Digitalisierung in l\u00e4ndlichen R\u00e4umen diskutiert. Zu Beginn der Auftaktveranstaltung, moderiert von Susanne Neumann (Neuand 21 e.V.), richteten das Bundesministerium f\u00fcr Ern\u00e4hrung und Landwirtschaft (Dr. Klaus Heider BMEL), das Bundesprogramm f\u00fcr L\u00e4ndliche Entwicklung (Dr. Hanns-Christoph Eiden BLE) \u00a0sowie der Deutsche Landkreistag (Dr. Kay Ruge DLT) Gru\u00dfworte an alle Beteiligten und Teilnehmenden. Danach folgte die Kurzvorstellung des Modellvorhabens Smarte.Land.Regionen durch das Kompetenzzentrum f\u00fcr Ern\u00e4hrung und Landwirtschaft (KomLE).<\/p>\n<h5>Vorstellung Forschungsprojekt<\/h5>\n<p>Unser Forschungsprojektleiter Steffen Hess stellte die digitale Plattform und die Rolle des Fraunhofer IESE im Rahmen des Modellvorhabens Smarte.Land.Regionen vor. Dabei besteht die zentrale Aufgabe des Fraunhofer IESE darin, die Chancen der Digitalisierung in l\u00e4ndlichen Regionen zu ermitteln und in konkrete Ma\u00dfnahmen zu \u00fcberf\u00fchren. Das Ziel des Forschungsprojekts Smarte.Land.Regionen besteht darin, Digitalisierungsstrategien zu entwickeln und Kompetenzen in den Landkreisen aufzubauen. Ebenfalls sollen digitale L\u00f6sungen erprobt und eingef\u00fchrt werden, um die Daseinsvorsorge in den Landkreisen zu verbessern. Diese L\u00f6sungen werden in den Themenbereichen Bildung &amp; Arbeit, Gemeinschaft &amp; Ehrenamt, Gesundheit &amp; Pflege sowie Mobilit\u00e4t entwickelt. Letztendlich soll ein Digitales \u00d6kosystem f\u00fcr die Landkreise entstehen. Weitere Informationen zum Forschungsprojekt Smarte.Land.Regionen finden Sie auf der <a href=\"https:\/\/www.landkreise.digital\/\">Projektwebseite<\/a>.<\/p>\n<p>Im darauffolgenden Interview stellte die IT-Prozessbegleitung, die den Landkreisen beratend zur Seite steht und durch Florian Apel-Soetebeer (City &amp; Bits GmbH), Marcel H\u00f6lterhoff (Prognos Ag) und Silvia Henning (Neuland 21 e.v.) vertreten war, die Rolle und die Ziele im Rahmen des Vorhabens vor.<\/p>\n<p>Steffen Hess (Fraunhofer IESE) zeigte im Anschluss die Ziele der geplanten Online-Beteiligungsplattform auf, die den sieben ausgew\u00e4hlten Landkreisen zur Verf\u00fcgung gestellt werden soll. Ziel der\u00a0Beteiligungsplattform<strong>\u00a0<\/strong>ist es, einen gemeinsamen Markt- und Diskussionsplatz zu schaffen. Dadurch k\u00f6nnen Handlungsbedarfe, Ideen und Meinungen von Landkreisen, B\u00fcrger:innen und sonstigen Stakeholdern ausgetauscht werden. Die Vernetzung unterschiedlicher Stakeholder wie z. B. Landkreise, B\u00fcrger:innen, Wissenschaft und Prozessbegleitung soll durch diese Plattform erm\u00f6glicht werden.<\/p>\n<p>Wie die Sicherung der Ergebnisse und die Evaluation der Modellvorhaben sowie des Gesamtvorhabens erfolgt, wurde von Ludgar Baba (empirica AG) und Lutz Kubitschke (empirica GmbH) erl\u00e4utert. Sie sind f\u00fcr die Begleitforschung im Modellvorhaben Smarte.Land.Regionen verantwortlich.<\/p>\n<h5>Workshops und Podiumsdiskussion<\/h5>\n<p>Nach der Mittagspause folgten interaktive Diskussionsrunden mit den Teilnehmenden. Im Fokus der Diskussionsrunden standen neben den Ideen der sieben ausgew\u00e4hlten Modellvorhaben auch die Herausforderungen, L\u00f6sungsans\u00e4tze und Erfahrungen der Teilnehmenden und Experten:innen. Aufgeteilt in die Schwerpunkte Bildung &amp; Arbeit, Gemeinschaft &amp; Ehrenamt, Gesundheit &amp; Pflege sowie Mobilit\u00e4t wurde themenspezifisch diskutiert. Gewonnene Erkenntnisse und Impulse konnten digital festgehalten und im Plenum mitgeteilt werden. Zudem trugen die Fragen aus den Diskussionsrunden zur abschlie\u00dfenden Podiumsdiskussion bei. An der Podiumsdiskussion nahmen Prof. Dr. Engel F. Hessel (Bundesministerium f\u00fcr Ern\u00e4hrung und Landwirtschaft), PD Dr. Ariane Berger (Deutscher Landkreistag), Dr. Margit T\u00fcnnemann (Bundesministeriums des Innern, f\u00fcr Bau und Heimat), Alex Kalevi Dieke (Gesch\u00e4ftsstelle Stadt-Land-Digital) und Prof. Dr. Hildegard Schr\u00f6teler-von Brandt (Universit\u00e4t Siegen) teil. Ziel des Podiumsgespr\u00e4chs war es, die Erkenntnisse f\u00fcr die Projektumsetzung und Zielstellungen herauszuarbeiten sowie den Wissenstransfer und Andockm\u00f6glichkeiten f\u00fcr andere zu erm\u00f6glichen.<\/p>\n<p>Zusammenfassend war die Auftaktveranstaltung des Modellvorhabens Smarte.Land.Regionen ein Erfolg. Die Landkreise konnten zusammen mit Expertinnen intensiv \u00fcber die Digitalisierung in l\u00e4ndlichen R\u00e4umen diskutieren. Die Veranstaltung trug ebenfalls dazu bei, dass sich die Landkreise untereinander vernetzen konnten, was zu einem regen Austausch f\u00fchrte.<\/p>\n<p><img decoding=\"async\" class=\"lazyload aligncenter size-full wp-image-4251\" src=\"https:\/\/gutenberg.iese.de\/wp-content\/uploads\/sites\/21\/2021\/04\/MicrosoftTeams-image_Auftaktveranstaltung.png\" data-orig-src=\"https:\/\/gutenberg.iese.de\/wp-content\/uploads\/sites\/21\/2021\/04\/MicrosoftTeams-image_Auftaktveranstaltung.png\" alt=\"Screen der Veranstaltung mit Moderatorin und den Mitarbeitern des Fraunhofer IESE.\" width=\"1427\" height=\"823\" srcset=\"data:image\/svg+xml,%3Csvg%20xmlns%3D%27http%3A%2F%2Fwww.w3.org%2F2000%2Fsvg%27%20width%3D%271427%27%20height%3D%27823%27%20viewBox%3D%270%200%201427%20823%27%3E%3Crect%20width%3D%271427%27%20height%3D%27823%27%20fill-opacity%3D%220%22%2F%3E%3C%2Fsvg%3E\" data-srcset=\"https:\/\/www.landkreise.digital\/wp-content\/uploads\/sites\/21\/2021\/04\/MicrosoftTeams-image_Auftaktveranstaltung-200x115.png 200w, https:\/\/www.landkreise.digital\/wp-content\/uploads\/sites\/21\/2021\/04\/MicrosoftTeams-image_Auftaktveranstaltung-300x173.png 300w, https:\/\/www.landkreise.digital\/wp-content\/uploads\/sites\/21\/2021\/04\/MicrosoftTeams-image_Auftaktveranstaltung-400x231.png 400w, https:\/\/www.landkreise.digital\/wp-content\/uploads\/sites\/21\/2021\/04\/MicrosoftTeams-image_Auftaktveranstaltung-600x346.png 600w, https:\/\/www.landkreise.digital\/wp-content\/uploads\/sites\/21\/2021\/04\/MicrosoftTeams-image_Auftaktveranstaltung-768x443.png 768w, https:\/\/www.landkreise.digital\/wp-content\/uploads\/sites\/21\/2021\/04\/MicrosoftTeams-image_Auftaktveranstaltung-800x461.png 800w, https:\/\/www.landkreise.digital\/wp-content\/uploads\/sites\/21\/2021\/04\/MicrosoftTeams-image_Auftaktveranstaltung-1024x591.png 1024w, https:\/\/www.landkreise.digital\/wp-content\/uploads\/sites\/21\/2021\/04\/MicrosoftTeams-image_Auftaktveranstaltung-1200x692.png 1200w, https:\/\/www.landkreise.digital\/wp-content\/uploads\/sites\/21\/2021\/04\/MicrosoftTeams-image_Auftaktveranstaltung.png 1427w\" data-sizes=\"auto\" data-orig-sizes=\"(max-width: 1427px) 100vw, 1427px\" \/><\/p>\n<p>Bleiben Sie auch in Zukunft weiterhin \u00fcber das Forschungsprojekt und das Modellvorhaben Smarte.Land.Regionen informiert:<\/p>\n<p><a href=\"https:\/\/twitter.com\/SLRegionen\">Twitter, <\/a><a href=\"https:\/\/www.facebook.com\/SLRegionen\">Facebook, <\/a><a href=\"https:\/\/www.linkedin.com\/in\/smarte-land-regionen\/\">LinkedIn<\/a> sowie die Webseiten:<\/p>\n<p><a href=\"https:\/\/www.landkreise.digital\/\">Forschungsprojekt<\/a> Smarte.Land.Regionen und <a href=\"https:\/\/www.bmel.de\/DE\/themen\/laendliche-regionen\/digitales\/smarte-landregionen\/mud-smarte-landregionen.html\">Modellvorhaben<\/a> Smarte.Land.Regionen<\/p>\n<p>Bei weiteren Fragen oder Anmerkungen k\u00f6nnen Sie uns gern eine E-Mail schreiben: <a href=\"mailto:smartelandregionen@iese.fraunhofer.de\">smartelandregionen@iese.fraunhofer.de<\/a><\/p>\n<p>&nbsp;<\/p>\n","protected":false},"excerpt":{"rendered":"<p>Ein R\u00fcckblick auf die Auftaktveranstaltung des Modellvorhabens Smarte.Land.Regionen am 15. April 2021. Hierbei waren wir mit dem Forschungsprojekt Smarte.Land.Regionen an zwei Vortr\u00e4gen sowie Workshops beteiligt. <\/p>\n","protected":false},"author":34,"featured_media":4250,"comment_status":"open","ping_status":"open","sticky":false,"template":"","format":"standard","meta":{"footnotes":""},"categories":[85,89],"tags":[87,91,86],"class_list":["post-4249","post","type-post","status-publish","format-standard","has-post-thumbnail","hentry","category-allgemein","category-neuigkeiten","tag-digitalisierung","tag-laendliche","tag-smarte-land-regionen"],"yoast_head":"<!-- This site is optimized with the Yoast SEO plugin v27.5 - https:\/\/yoast.com\/product\/yoast-seo-wordpress\/ -->\n<title>Auftaktveranstaltung gegl\u00fcckt! - Projekt Smarte.Land.Regionen<\/title>\n<meta name=\"description\" content=\"Ein R\u00fcckblick auf die Auftaktveranstaltung des Modellvorhabens Smarte.Land.Regionen, bei der wir an Vortr\u00e4gen und Workshops beteiligt waren.\" \/>\n<meta name=\"robots\" content=\"index, follow, max-snippet:-1, max-image-preview:large, max-video-preview:-1\" \/>\n<link rel=\"canonical\" href=\"https:\/\/www.landkreise.digital\/index.php\/2021\/04\/29\/auftaktveranstaltung\/\" \/>\n<meta property=\"og:locale\" content=\"de_DE\" \/>\n<meta property=\"og:type\" content=\"article\" \/>\n<meta property=\"og:title\" content=\"Auftaktveranstaltung gegl\u00fcckt! - Projekt Smarte.Land.Regionen\" \/>\n<meta property=\"og:description\" content=\"Ein R\u00fcckblick auf die Auftaktveranstaltung des Modellvorhabens Smarte.Land.Regionen, bei der wir an Vortr\u00e4gen und Workshops beteiligt waren.\" \/>\n<meta property=\"og:url\" content=\"https:\/\/www.landkreise.digital\/index.php\/2021\/04\/29\/auftaktveranstaltung\/\" \/>\n<meta property=\"og:site_name\" content=\"Projekt Smarte.Land.Regionen\" \/>\n<meta property=\"article:publisher\" content=\"https:\/\/www.facebook.com\/SLRegionen\" \/>\n<meta property=\"article:published_time\" content=\"2021-04-29T13:40:57+00:00\" \/>\n<meta property=\"article:modified_time\" content=\"2021-08-11T06:52:59+00:00\" \/>\n<meta property=\"og:image\" content=\"https:\/\/www.landkreise.digital\/wp-content\/uploads\/sites\/21\/2021\/04\/IMG_9246-3-scaled.jpg\" \/>\n\t<meta property=\"og:image:width\" content=\"2560\" \/>\n\t<meta property=\"og:image:height\" content=\"1928\" \/>\n\t<meta property=\"og:image:type\" content=\"image\/jpeg\" \/>\n<meta name=\"author\" content=\"Fabienne Hammer\" \/>\n<meta name=\"twitter:card\" content=\"summary_large_image\" \/>\n<meta name=\"twitter:creator\" content=\"@SLRegionen\" \/>\n<meta name=\"twitter:site\" content=\"@SLRegionen\" \/>\n<meta name=\"twitter:label1\" content=\"Verfasst von\" \/>\n\t<meta name=\"twitter:data1\" content=\"Fabienne Hammer\" \/>\n\t<meta name=\"twitter:label2\" content=\"Gesch\u00e4tzte Lesezeit\" \/>\n\t<meta name=\"twitter:data2\" content=\"4\u00a0Minuten\" \/>\n<script type=\"application\/ld+json\" class=\"yoast-schema-graph\">{\"@context\":\"https:\\\/\\\/schema.org\",\"@graph\":[{\"@type\":\"Article\",\"@id\":\"https:\\\/\\\/www.landkreise.digital\\\/index.php\\\/2021\\\/04\\\/29\\\/auftaktveranstaltung\\\/#article\",\"isPartOf\":{\"@id\":\"https:\\\/\\\/www.landkreise.digital\\\/index.php\\\/2021\\\/04\\\/29\\\/auftaktveranstaltung\\\/\"},\"author\":{\"name\":\"Fabienne Hammer\",\"@id\":\"https:\\\/\\\/www.landkreise.digital\\\/#\\\/schema\\\/person\\\/771d7a5f648c4b161a52a4b5bcdc36f0\"},\"headline\":\"Auftaktveranstaltung gegl\u00fcckt!\",\"datePublished\":\"2021-04-29T13:40:57+00:00\",\"dateModified\":\"2021-08-11T06:52:59+00:00\",\"mainEntityOfPage\":{\"@id\":\"https:\\\/\\\/www.landkreise.digital\\\/index.php\\\/2021\\\/04\\\/29\\\/auftaktveranstaltung\\\/\"},\"wordCount\":756,\"commentCount\":0,\"publisher\":{\"@id\":\"https:\\\/\\\/www.landkreise.digital\\\/#organization\"},\"image\":{\"@id\":\"https:\\\/\\\/www.landkreise.digital\\\/index.php\\\/2021\\\/04\\\/29\\\/auftaktveranstaltung\\\/#primaryimage\"},\"thumbnailUrl\":\"https:\\\/\\\/www.landkreise.digital\\\/wp-content\\\/uploads\\\/sites\\\/21\\\/2021\\\/04\\\/IMG_9246-3-scaled.jpg\",\"keywords\":[\"Digitalisierung\",\"L\u00e4ndliche\",\"Smarte.Land.Regionen\"],\"articleSection\":{\"1\":\"Neuigkeiten\"},\"inLanguage\":\"de\",\"potentialAction\":[{\"@type\":\"CommentAction\",\"name\":\"Comment\",\"target\":[\"https:\\\/\\\/www.landkreise.digital\\\/index.php\\\/2021\\\/04\\\/29\\\/auftaktveranstaltung\\\/#respond\"]}]},{\"@type\":\"WebPage\",\"@id\":\"https:\\\/\\\/www.landkreise.digital\\\/index.php\\\/2021\\\/04\\\/29\\\/auftaktveranstaltung\\\/\",\"url\":\"https:\\\/\\\/www.landkreise.digital\\\/index.php\\\/2021\\\/04\\\/29\\\/auftaktveranstaltung\\\/\",\"name\":\"Auftaktveranstaltung gegl\u00fcckt! - Projekt Smarte.Land.Regionen\",\"isPartOf\":{\"@id\":\"https:\\\/\\\/www.landkreise.digital\\\/#website\"},\"primaryImageOfPage\":{\"@id\":\"https:\\\/\\\/www.landkreise.digital\\\/index.php\\\/2021\\\/04\\\/29\\\/auftaktveranstaltung\\\/#primaryimage\"},\"image\":{\"@id\":\"https:\\\/\\\/www.landkreise.digital\\\/index.php\\\/2021\\\/04\\\/29\\\/auftaktveranstaltung\\\/#primaryimage\"},\"thumbnailUrl\":\"https:\\\/\\\/www.landkreise.digital\\\/wp-content\\\/uploads\\\/sites\\\/21\\\/2021\\\/04\\\/IMG_9246-3-scaled.jpg\",\"datePublished\":\"2021-04-29T13:40:57+00:00\",\"dateModified\":\"2021-08-11T06:52:59+00:00\",\"description\":\"Ein R\u00fcckblick auf die Auftaktveranstaltung des Modellvorhabens Smarte.Land.Regionen, bei der wir an Vortr\u00e4gen und Workshops beteiligt waren.\",\"breadcrumb\":{\"@id\":\"https:\\\/\\\/www.landkreise.digital\\\/index.php\\\/2021\\\/04\\\/29\\\/auftaktveranstaltung\\\/#breadcrumb\"},\"inLanguage\":\"de\",\"potentialAction\":[{\"@type\":\"ReadAction\",\"target\":[\"https:\\\/\\\/www.landkreise.digital\\\/index.php\\\/2021\\\/04\\\/29\\\/auftaktveranstaltung\\\/\"]}]},{\"@type\":\"ImageObject\",\"inLanguage\":\"de\",\"@id\":\"https:\\\/\\\/www.landkreise.digital\\\/index.php\\\/2021\\\/04\\\/29\\\/auftaktveranstaltung\\\/#primaryimage\",\"url\":\"https:\\\/\\\/www.landkreise.digital\\\/wp-content\\\/uploads\\\/sites\\\/21\\\/2021\\\/04\\\/IMG_9246-3-scaled.jpg\",\"contentUrl\":\"https:\\\/\\\/www.landkreise.digital\\\/wp-content\\\/uploads\\\/sites\\\/21\\\/2021\\\/04\\\/IMG_9246-3-scaled.jpg\",\"width\":2560,\"height\":1928,\"caption\":\"Pr\u00e4sentation des Forschungsprojekts\"},{\"@type\":\"BreadcrumbList\",\"@id\":\"https:\\\/\\\/www.landkreise.digital\\\/index.php\\\/2021\\\/04\\\/29\\\/auftaktveranstaltung\\\/#breadcrumb\",\"itemListElement\":[{\"@type\":\"ListItem\",\"position\":1,\"name\":\"Home\",\"item\":\"https:\\\/\\\/www.landkreise.digital\\\/\"},{\"@type\":\"ListItem\",\"position\":2,\"name\":\"Auftaktveranstaltung gegl\u00fcckt!\"}]},{\"@type\":\"WebSite\",\"@id\":\"https:\\\/\\\/www.landkreise.digital\\\/#website\",\"url\":\"https:\\\/\\\/www.landkreise.digital\\\/\",\"name\":\"Projekt Smarte.Land.Regionen\",\"description\":\"Digitale L\u00f6sungen f\u00fcrs Land\",\"publisher\":{\"@id\":\"https:\\\/\\\/www.landkreise.digital\\\/#organization\"},\"potentialAction\":[{\"@type\":\"SearchAction\",\"target\":{\"@type\":\"EntryPoint\",\"urlTemplate\":\"https:\\\/\\\/www.landkreise.digital\\\/?s={search_term_string}\"},\"query-input\":{\"@type\":\"PropertyValueSpecification\",\"valueRequired\":true,\"valueName\":\"search_term_string\"}}],\"inLanguage\":\"de\"},{\"@type\":\"Organization\",\"@id\":\"https:\\\/\\\/www.landkreise.digital\\\/#organization\",\"name\":\"Projekt Smarte.Land.Regionen\",\"url\":\"https:\\\/\\\/www.landkreise.digital\\\/\",\"logo\":{\"@type\":\"ImageObject\",\"inLanguage\":\"de\",\"@id\":\"https:\\\/\\\/www.landkreise.digital\\\/#\\\/schema\\\/logo\\\/image\\\/\",\"url\":\"https:\\\/\\\/www.landkreise.digital\\\/wp-content\\\/uploads\\\/sites\\\/21\\\/2023\\\/02\\\/Landschaftsbild.jpg\",\"contentUrl\":\"https:\\\/\\\/www.landkreise.digital\\\/wp-content\\\/uploads\\\/sites\\\/21\\\/2023\\\/02\\\/Landschaftsbild.jpg\",\"width\":2000,\"height\":1333,\"caption\":\"Projekt Smarte.Land.Regionen\"},\"image\":{\"@id\":\"https:\\\/\\\/www.landkreise.digital\\\/#\\\/schema\\\/logo\\\/image\\\/\"},\"sameAs\":[\"https:\\\/\\\/www.facebook.com\\\/SLRegionen\",\"https:\\\/\\\/x.com\\\/SLRegionen\",\"https:\\\/\\\/www.linkedin.com\\\/in\\\/smarte-land-regionen\\\/\"]},{\"@type\":\"Person\",\"@id\":\"https:\\\/\\\/www.landkreise.digital\\\/#\\\/schema\\\/person\\\/771d7a5f648c4b161a52a4b5bcdc36f0\",\"name\":\"Fabienne Hammer\",\"image\":{\"@type\":\"ImageObject\",\"inLanguage\":\"de\",\"@id\":\"https:\\\/\\\/secure.gravatar.com\\\/avatar\\\/df8dd5aed7ff115178b177cc5d45b78519cb7b0a0339ac3709c25082aeadee6a?s=96&d=mm&r=g\",\"url\":\"https:\\\/\\\/secure.gravatar.com\\\/avatar\\\/df8dd5aed7ff115178b177cc5d45b78519cb7b0a0339ac3709c25082aeadee6a?s=96&d=mm&r=g\",\"contentUrl\":\"https:\\\/\\\/secure.gravatar.com\\\/avatar\\\/df8dd5aed7ff115178b177cc5d45b78519cb7b0a0339ac3709c25082aeadee6a?s=96&d=mm&r=g\",\"caption\":\"Fabienne Hammer\"},\"url\":\"https:\\\/\\\/www.landkreise.digital\\\/index.php\\\/author\\\/hammer\\\/\"}]}<\/script>\n<!-- \/ Yoast SEO plugin. -->","yoast_head_json":{"title":"Auftaktveranstaltung gegl\u00fcckt! - Projekt Smarte.Land.Regionen","description":"Ein R\u00fcckblick auf die Auftaktveranstaltung des Modellvorhabens Smarte.Land.Regionen, bei der wir an Vortr\u00e4gen und Workshops beteiligt waren.","robots":{"index":"index","follow":"follow","max-snippet":"max-snippet:-1","max-image-preview":"max-image-preview:large","max-video-preview":"max-video-preview:-1"},"canonical":"https:\/\/www.landkreise.digital\/index.php\/2021\/04\/29\/auftaktveranstaltung\/","og_locale":"de_DE","og_type":"article","og_title":"Auftaktveranstaltung gegl\u00fcckt! - Projekt Smarte.Land.Regionen","og_description":"Ein R\u00fcckblick auf die Auftaktveranstaltung des Modellvorhabens Smarte.Land.Regionen, bei der wir an Vortr\u00e4gen und Workshops beteiligt waren.","og_url":"https:\/\/www.landkreise.digital\/index.php\/2021\/04\/29\/auftaktveranstaltung\/","og_site_name":"Projekt Smarte.Land.Regionen","article_publisher":"https:\/\/www.facebook.com\/SLRegionen","article_published_time":"2021-04-29T13:40:57+00:00","article_modified_time":"2021-08-11T06:52:59+00:00","og_image":[{"width":2560,"height":1928,"url":"https:\/\/www.landkreise.digital\/wp-content\/uploads\/sites\/21\/2021\/04\/IMG_9246-3-scaled.jpg","type":"image\/jpeg"}],"author":"Fabienne Hammer","twitter_card":"summary_large_image","twitter_creator":"@SLRegionen","twitter_site":"@SLRegionen","twitter_misc":{"Verfasst von":"Fabienne Hammer","Gesch\u00e4tzte Lesezeit":"4\u00a0Minuten"},"schema":{"@context":"https:\/\/schema.org","@graph":[{"@type":"Article","@id":"https:\/\/www.landkreise.digital\/index.php\/2021\/04\/29\/auftaktveranstaltung\/#article","isPartOf":{"@id":"https:\/\/www.landkreise.digital\/index.php\/2021\/04\/29\/auftaktveranstaltung\/"},"author":{"name":"Fabienne Hammer","@id":"https:\/\/www.landkreise.digital\/#\/schema\/person\/771d7a5f648c4b161a52a4b5bcdc36f0"},"headline":"Auftaktveranstaltung gegl\u00fcckt!","datePublished":"2021-04-29T13:40:57+00:00","dateModified":"2021-08-11T06:52:59+00:00","mainEntityOfPage":{"@id":"https:\/\/www.landkreise.digital\/index.php\/2021\/04\/29\/auftaktveranstaltung\/"},"wordCount":756,"commentCount":0,"publisher":{"@id":"https:\/\/www.landkreise.digital\/#organization"},"image":{"@id":"https:\/\/www.landkreise.digital\/index.php\/2021\/04\/29\/auftaktveranstaltung\/#primaryimage"},"thumbnailUrl":"https:\/\/www.landkreise.digital\/wp-content\/uploads\/sites\/21\/2021\/04\/IMG_9246-3-scaled.jpg","keywords":["Digitalisierung","L\u00e4ndliche","Smarte.Land.Regionen"],"articleSection":{"1":"Neuigkeiten"},"inLanguage":"de","potentialAction":[{"@type":"CommentAction","name":"Comment","target":["https:\/\/www.landkreise.digital\/index.php\/2021\/04\/29\/auftaktveranstaltung\/#respond"]}]},{"@type":"WebPage","@id":"https:\/\/www.landkreise.digital\/index.php\/2021\/04\/29\/auftaktveranstaltung\/","url":"https:\/\/www.landkreise.digital\/index.php\/2021\/04\/29\/auftaktveranstaltung\/","name":"Auftaktveranstaltung gegl\u00fcckt! - Projekt Smarte.Land.Regionen","isPartOf":{"@id":"https:\/\/www.landkreise.digital\/#website"},"primaryImageOfPage":{"@id":"https:\/\/www.landkreise.digital\/index.php\/2021\/04\/29\/auftaktveranstaltung\/#primaryimage"},"image":{"@id":"https:\/\/www.landkreise.digital\/index.php\/2021\/04\/29\/auftaktveranstaltung\/#primaryimage"},"thumbnailUrl":"https:\/\/www.landkreise.digital\/wp-content\/uploads\/sites\/21\/2021\/04\/IMG_9246-3-scaled.jpg","datePublished":"2021-04-29T13:40:57+00:00","dateModified":"2021-08-11T06:52:59+00:00","description":"Ein R\u00fcckblick auf die Auftaktveranstaltung des Modellvorhabens Smarte.Land.Regionen, bei der wir an Vortr\u00e4gen und Workshops beteiligt waren.","breadcrumb":{"@id":"https:\/\/www.landkreise.digital\/index.php\/2021\/04\/29\/auftaktveranstaltung\/#breadcrumb"},"inLanguage":"de","potentialAction":[{"@type":"ReadAction","target":["https:\/\/www.landkreise.digital\/index.php\/2021\/04\/29\/auftaktveranstaltung\/"]}]},{"@type":"ImageObject","inLanguage":"de","@id":"https:\/\/www.landkreise.digital\/index.php\/2021\/04\/29\/auftaktveranstaltung\/#primaryimage","url":"https:\/\/www.landkreise.digital\/wp-content\/uploads\/sites\/21\/2021\/04\/IMG_9246-3-scaled.jpg","contentUrl":"https:\/\/www.landkreise.digital\/wp-content\/uploads\/sites\/21\/2021\/04\/IMG_9246-3-scaled.jpg","width":2560,"height":1928,"caption":"Pr\u00e4sentation des Forschungsprojekts"},{"@type":"BreadcrumbList","@id":"https:\/\/www.landkreise.digital\/index.php\/2021\/04\/29\/auftaktveranstaltung\/#breadcrumb","itemListElement":[{"@type":"ListItem","position":1,"name":"Home","item":"https:\/\/www.landkreise.digital\/"},{"@type":"ListItem","position":2,"name":"Auftaktveranstaltung gegl\u00fcckt!"}]},{"@type":"WebSite","@id":"https:\/\/www.landkreise.digital\/#website","url":"https:\/\/www.landkreise.digital\/","name":"Projekt Smarte.Land.Regionen","description":"Digitale L\u00f6sungen f\u00fcrs Land","publisher":{"@id":"https:\/\/www.landkreise.digital\/#organization"},"potentialAction":[{"@type":"SearchAction","target":{"@type":"EntryPoint","urlTemplate":"https:\/\/www.landkreise.digital\/?s={search_term_string}"},"query-input":{"@type":"PropertyValueSpecification","valueRequired":true,"valueName":"search_term_string"}}],"inLanguage":"de"},{"@type":"Organization","@id":"https:\/\/www.landkreise.digital\/#organization","name":"Projekt Smarte.Land.Regionen","url":"https:\/\/www.landkreise.digital\/","logo":{"@type":"ImageObject","inLanguage":"de","@id":"https:\/\/www.landkreise.digital\/#\/schema\/logo\/image\/","url":"https:\/\/www.landkreise.digital\/wp-content\/uploads\/sites\/21\/2023\/02\/Landschaftsbild.jpg","contentUrl":"https:\/\/www.landkreise.digital\/wp-content\/uploads\/sites\/21\/2023\/02\/Landschaftsbild.jpg","width":2000,"height":1333,"caption":"Projekt Smarte.Land.Regionen"},"image":{"@id":"https:\/\/www.landkreise.digital\/#\/schema\/logo\/image\/"},"sameAs":["https:\/\/www.facebook.com\/SLRegionen","https:\/\/x.com\/SLRegionen","https:\/\/www.linkedin.com\/in\/smarte-land-regionen\/"]},{"@type":"Person","@id":"https:\/\/www.landkreise.digital\/#\/schema\/person\/771d7a5f648c4b161a52a4b5bcdc36f0","name":"Fabienne Hammer","image":{"@type":"ImageObject","inLanguage":"de","@id":"https:\/\/secure.gravatar.com\/avatar\/df8dd5aed7ff115178b177cc5d45b78519cb7b0a0339ac3709c25082aeadee6a?s=96&d=mm&r=g","url":"https:\/\/secure.gravatar.com\/avatar\/df8dd5aed7ff115178b177cc5d45b78519cb7b0a0339ac3709c25082aeadee6a?s=96&d=mm&r=g","contentUrl":"https:\/\/secure.gravatar.com\/avatar\/df8dd5aed7ff115178b177cc5d45b78519cb7b0a0339ac3709c25082aeadee6a?s=96&d=mm&r=g","caption":"Fabienne Hammer"},"url":"https:\/\/www.landkreise.digital\/index.php\/author\/hammer\/"}]}},"_links":{"self":[{"href":"https:\/\/www.landkreise.digital\/index.php\/wp-json\/wp\/v2\/posts\/4249","targetHints":{"allow":["GET"]}}],"collection":[{"href":"https:\/\/www.landkreise.digital\/index.php\/wp-json\/wp\/v2\/posts"}],"about":[{"href":"https:\/\/www.landkreise.digital\/index.php\/wp-json\/wp\/v2\/types\/post"}],"author":[{"embeddable":true,"href":"https:\/\/www.landkreise.digital\/index.php\/wp-json\/wp\/v2\/users\/34"}],"replies":[{"embeddable":true,"href":"https:\/\/www.landkreise.digital\/index.php\/wp-json\/wp\/v2\/comments?post=4249"}],"version-history":[{"count":0,"href":"https:\/\/www.landkreise.digital\/index.php\/wp-json\/wp\/v2\/posts\/4249\/revisions"}],"wp:featuredmedia":[{"embeddable":true,"href":"https:\/\/www.landkreise.digital\/index.php\/wp-json\/wp\/v2\/media\/4250"}],"wp:attachment":[{"href":"https:\/\/www.landkreise.digital\/index.php\/wp-json\/wp\/v2\/media?parent=4249"}],"wp:term":[{"taxonomy":"category","embeddable":true,"href":"https:\/\/www.landkreise.digital\/index.php\/wp-json\/wp\/v2\/categories?post=4249"},{"taxonomy":"post_tag","embeddable":true,"href":"https:\/\/www.landkreise.digital\/index.php\/wp-json\/wp\/v2\/tags?post=4249"}],"curies":[{"name":"wp","href":"https:\/\/api.w.org\/{rel}","templated":true}]}}