{"id":3775,"date":"2021-03-15T07:48:31","date_gmt":"2021-03-15T07:48:31","guid":{"rendered":"https:\/\/www.landkreise.digital\/?p=3775"},"modified":"2021-04-28T12:01:10","modified_gmt":"2021-04-28T12:01:10","slug":"interview-digitalisierung-laendlicher-regionen","status":"publish","type":"post","link":"https:\/\/www.landkreise.digital\/index.php\/2021\/03\/15\/interview-digitalisierung-laendlicher-regionen\/","title":{"rendered":"Interview: Digitalisierung l\u00e4ndlicher Regionen"},"content":{"rendered":"<div class=\"fusion-fullwidth fullwidth-box fusion-builder-row-1 fusion-flex-container nonhundred-percent-fullwidth non-hundred-percent-height-scrolling\" style=\"background-color: rgba(255,255,255,0);background-position: center center;background-repeat: no-repeat;border-width: 0px 0px 0px 0px;border-color:#eae9e9;border-style:solid;\" ><div class=\"fusion-builder-row fusion-row fusion-flex-align-items-flex-start\" style=\"max-width:calc( 1100px + 0px );margin-left: calc(-0px \/ 2 );margin-right: calc(-0px \/ 2 );\"><div class=\"fusion-layout-column fusion_builder_column fusion-builder-column-0 fusion_builder_column_1_1 1_1 fusion-flex-column\"><div class=\"fusion-column-wrapper fusion-flex-justify-content-flex-start fusion-content-layout-column\" style=\"background-position:left top;background-repeat:no-repeat;-webkit-background-size:cover;-moz-background-size:cover;-o-background-size:cover;background-size:cover;padding: 0px 0px 0px 0px;\"><div class=\"fusion-text fusion-text-1\"><h4>Interview: Digitalisierung l\u00e4ndlicher Regionen<\/h4>\n<p><img decoding=\"async\" class=\"lazyload aligncenter size-full wp-image-3776\" src=\"https:\/\/gutenberg.iese.de\/wp-content\/uploads\/sites\/21\/2021\/03\/DSC_0565-scaled.jpg\" data-orig-src=\"https:\/\/gutenberg.iese.de\/wp-content\/uploads\/sites\/21\/2021\/03\/DSC_0565-scaled.jpg\" alt=\"Unser Projektleiter bei einer Veranstaltung im Austausch mit einem B\u00fcrger\" width=\"2560\" height=\"1522\" srcset=\"data:image\/svg+xml,%3Csvg%20xmlns%3D%27http%3A%2F%2Fwww.w3.org%2F2000%2Fsvg%27%20width%3D%272560%27%20height%3D%271522%27%20viewBox%3D%270%200%202560%201522%27%3E%3Crect%20width%3D%272560%27%20height%3D%271522%27%20fill-opacity%3D%220%22%2F%3E%3C%2Fsvg%3E\" data-srcset=\"https:\/\/www.landkreise.digital\/wp-content\/uploads\/sites\/21\/2021\/03\/DSC_0565-200x119.jpg 200w, https:\/\/www.landkreise.digital\/wp-content\/uploads\/sites\/21\/2021\/03\/DSC_0565-300x178.jpg 300w, https:\/\/www.landkreise.digital\/wp-content\/uploads\/sites\/21\/2021\/03\/DSC_0565-400x238.jpg 400w, https:\/\/www.landkreise.digital\/wp-content\/uploads\/sites\/21\/2021\/03\/DSC_0565-600x357.jpg 600w, https:\/\/www.landkreise.digital\/wp-content\/uploads\/sites\/21\/2021\/03\/DSC_0565-768x457.jpg 768w, https:\/\/www.landkreise.digital\/wp-content\/uploads\/sites\/21\/2021\/03\/DSC_0565-800x476.jpg 800w, https:\/\/www.landkreise.digital\/wp-content\/uploads\/sites\/21\/2021\/03\/DSC_0565-1024x609.jpg 1024w, https:\/\/www.landkreise.digital\/wp-content\/uploads\/sites\/21\/2021\/03\/DSC_0565-1200x713.jpg 1200w, https:\/\/www.landkreise.digital\/wp-content\/uploads\/sites\/21\/2021\/03\/DSC_0565-1536x913.jpg 1536w, https:\/\/www.landkreise.digital\/wp-content\/uploads\/sites\/21\/2021\/03\/DSC_0565-scaled.jpg 2560w\" data-sizes=\"auto\" data-orig-sizes=\"(max-width: 2560px) 100vw, 2560px\" \/><\/p>\n<p>Im Interview beschreibt unser Projektleiter das Modellvorhaben <a href=\"https:\/\/www.landkreise.digital\/index.php\/forschungsprojekt\/\">Smarte.Land.Regionen<\/a>. Dabei soll eine Plattform entwickelt werden, auf der die erarbeiteten L\u00f6sungen allen Kommunen zur Verf\u00fcgung gestellt werden. Somit soll es rein aus dem Projekt mindestens 22 L\u00f6sungen geben, welche die Kommunen buchen k\u00f6nnen, um sie anschlie\u00dfend ihren B\u00fcrgern zur Verf\u00fcgung zu stellen. Das k\u00f6nnten beispielsweise eine Anwendung zum Management von Co-Working-Spaces in Dorfgemeinschaftsh\u00e4usern sein, ein soziales Netzwerk f\u00fcr B\u00fcrgerengagement oder eine Mobilit\u00e4ts-App f\u00fcr B\u00fcrgerbusse oder Mitfahrb\u00e4nke. Des Weiteren werden Fragen wie \u00bbWas unterscheidet Gro\u00dfst\u00e4dte und den l\u00e4ndlichen Raum bei der Digitalisierung?\u00ab und \u00bbWarum ist die Digitalisierung f\u00fcr den l\u00e4ndlichen Raum besonders wichtig?\u00ab beantwortet.<\/p>\n<p>Zum <a href=\"https:\/\/background.tagesspiegel.de\/digitalisierung\/interview-wie-der-laendliche-raum-digitalisiert-werden-soll\">Beitrag<\/a>.<\/p>\n<\/div><\/div><style type=\"text\/css\">.fusion-body .fusion-builder-column-0{width:100% !important;margin-top : 0px;margin-bottom : 0px;}.fusion-builder-column-0 > .fusion-column-wrapper {padding-top : 0px !important;padding-right : 0px !important;margin-right : 0px;padding-bottom : 0px !important;padding-left : 0px !important;margin-left : 0px;}@media only screen and (max-width:1024px) {.fusion-body .fusion-builder-column-0{width:100% !important;}.fusion-builder-column-0 > .fusion-column-wrapper {margin-right : 0px;margin-left : 0px;}}@media only screen and (max-width:640px) {.fusion-body .fusion-builder-column-0{width:100% !important;}.fusion-builder-column-0 > .fusion-column-wrapper {margin-right : 0px;margin-left : 0px;}}<\/style><\/div><\/div><style type=\"text\/css\">.fusion-body .fusion-flex-container.fusion-builder-row-1{ padding-top : 0px;margin-top : 0px;padding-right : 0px;padding-bottom : 0px;margin-bottom : 0px;padding-left : 0px;}<\/style><\/div>\n","protected":false},"excerpt":{"rendered":"<p>Ein Interview mit unserem Projektleiter \u00fcber einen gemeinsamen App-Store f\u00fcr den l\u00e4ndlichen Raum, die unterschiedlichen Anforderungen von Stadt und Land und worauf es in den kleinen Kommunen ankommt.<\/p>\n","protected":false},"author":34,"featured_media":3776,"comment_status":"open","ping_status":"open","sticky":false,"template":"","format":"standard","meta":{"footnotes":""},"categories":[85,89],"tags":[87,88,86],"class_list":["post-3775","post","type-post","status-publish","format-standard","has-post-thumbnail","hentry","category-allgemein","category-neuigkeiten","tag-digitalisierung","tag-laendliche-entwicklung","tag-smarte-land-regionen"],"yoast_head":"<!-- This site is optimized with the Yoast SEO plugin v27.5 - https:\/\/yoast.com\/product\/yoast-seo-wordpress\/ -->\n<title>Interview: Digitalisierung l\u00e4ndlicher Regionen - Projekt Smarte.Land.Regionen<\/title>\n<meta name=\"description\" content=\"Ein Interview mit unserem Projektleiter \u00fcber die Digitalisierung von l\u00e4ndlichen Regionen im Modellvorhaben Smarte.Land.Regionen.\" \/>\n<meta name=\"robots\" content=\"index, follow, max-snippet:-1, max-image-preview:large, max-video-preview:-1\" \/>\n<link rel=\"canonical\" href=\"https:\/\/www.landkreise.digital\/index.php\/2021\/03\/15\/interview-digitalisierung-laendlicher-regionen\/\" \/>\n<meta property=\"og:locale\" content=\"de_DE\" \/>\n<meta property=\"og:type\" content=\"article\" \/>\n<meta property=\"og:title\" content=\"Interview: Digitalisierung l\u00e4ndlicher Regionen - Projekt Smarte.Land.Regionen\" \/>\n<meta property=\"og:description\" content=\"Ein Interview mit unserem Projektleiter \u00fcber die Digitalisierung von l\u00e4ndlichen Regionen im Modellvorhaben Smarte.Land.Regionen.\" \/>\n<meta property=\"og:url\" content=\"https:\/\/www.landkreise.digital\/index.php\/2021\/03\/15\/interview-digitalisierung-laendlicher-regionen\/\" \/>\n<meta property=\"og:site_name\" content=\"Projekt Smarte.Land.Regionen\" \/>\n<meta property=\"article:publisher\" content=\"https:\/\/www.facebook.com\/SLRegionen\" \/>\n<meta property=\"article:published_time\" content=\"2021-03-15T07:48:31+00:00\" \/>\n<meta property=\"article:modified_time\" content=\"2021-04-28T12:01:10+00:00\" \/>\n<meta property=\"og:image\" content=\"https:\/\/www.landkreise.digital\/wp-content\/uploads\/sites\/21\/2021\/03\/DSC_0565-scaled.jpg\" \/>\n\t<meta property=\"og:image:width\" content=\"2560\" \/>\n\t<meta property=\"og:image:height\" content=\"1522\" \/>\n\t<meta property=\"og:image:type\" content=\"image\/jpeg\" \/>\n<meta name=\"author\" content=\"Fabienne Hammer\" \/>\n<meta name=\"twitter:card\" content=\"summary_large_image\" \/>\n<meta name=\"twitter:creator\" content=\"@SLRegionen\" \/>\n<meta name=\"twitter:site\" content=\"@SLRegionen\" \/>\n<meta name=\"twitter:label1\" content=\"Verfasst von\" \/>\n\t<meta name=\"twitter:data1\" content=\"Fabienne Hammer\" \/>\n\t<meta name=\"twitter:label2\" content=\"Gesch\u00e4tzte Lesezeit\" \/>\n\t<meta name=\"twitter:data2\" content=\"2\u00a0Minuten\" \/>\n<script type=\"application\/ld+json\" class=\"yoast-schema-graph\">{\"@context\":\"https:\\\/\\\/schema.org\",\"@graph\":[{\"@type\":\"Article\",\"@id\":\"https:\\\/\\\/www.landkreise.digital\\\/index.php\\\/2021\\\/03\\\/15\\\/interview-digitalisierung-laendlicher-regionen\\\/#article\",\"isPartOf\":{\"@id\":\"https:\\\/\\\/www.landkreise.digital\\\/index.php\\\/2021\\\/03\\\/15\\\/interview-digitalisierung-laendlicher-regionen\\\/\"},\"author\":{\"name\":\"Fabienne Hammer\",\"@id\":\"https:\\\/\\\/www.landkreise.digital\\\/#\\\/schema\\\/person\\\/771d7a5f648c4b161a52a4b5bcdc36f0\"},\"headline\":\"Interview: Digitalisierung l\u00e4ndlicher Regionen\",\"datePublished\":\"2021-03-15T07:48:31+00:00\",\"dateModified\":\"2021-04-28T12:01:10+00:00\",\"mainEntityOfPage\":{\"@id\":\"https:\\\/\\\/www.landkreise.digital\\\/index.php\\\/2021\\\/03\\\/15\\\/interview-digitalisierung-laendlicher-regionen\\\/\"},\"wordCount\":342,\"commentCount\":0,\"publisher\":{\"@id\":\"https:\\\/\\\/www.landkreise.digital\\\/#organization\"},\"image\":{\"@id\":\"https:\\\/\\\/www.landkreise.digital\\\/index.php\\\/2021\\\/03\\\/15\\\/interview-digitalisierung-laendlicher-regionen\\\/#primaryimage\"},\"thumbnailUrl\":\"https:\\\/\\\/www.landkreise.digital\\\/wp-content\\\/uploads\\\/sites\\\/21\\\/2021\\\/03\\\/DSC_0565-scaled.jpg\",\"keywords\":[\"Digitalisierung\",\"L\u00e4ndliche Entwicklung\",\"Smarte.Land.Regionen\"],\"articleSection\":{\"1\":\"Neuigkeiten\"},\"inLanguage\":\"de\",\"potentialAction\":[{\"@type\":\"CommentAction\",\"name\":\"Comment\",\"target\":[\"https:\\\/\\\/www.landkreise.digital\\\/index.php\\\/2021\\\/03\\\/15\\\/interview-digitalisierung-laendlicher-regionen\\\/#respond\"]}]},{\"@type\":\"WebPage\",\"@id\":\"https:\\\/\\\/www.landkreise.digital\\\/index.php\\\/2021\\\/03\\\/15\\\/interview-digitalisierung-laendlicher-regionen\\\/\",\"url\":\"https:\\\/\\\/www.landkreise.digital\\\/index.php\\\/2021\\\/03\\\/15\\\/interview-digitalisierung-laendlicher-regionen\\\/\",\"name\":\"Interview: Digitalisierung l\u00e4ndlicher Regionen - Projekt Smarte.Land.Regionen\",\"isPartOf\":{\"@id\":\"https:\\\/\\\/www.landkreise.digital\\\/#website\"},\"primaryImageOfPage\":{\"@id\":\"https:\\\/\\\/www.landkreise.digital\\\/index.php\\\/2021\\\/03\\\/15\\\/interview-digitalisierung-laendlicher-regionen\\\/#primaryimage\"},\"image\":{\"@id\":\"https:\\\/\\\/www.landkreise.digital\\\/index.php\\\/2021\\\/03\\\/15\\\/interview-digitalisierung-laendlicher-regionen\\\/#primaryimage\"},\"thumbnailUrl\":\"https:\\\/\\\/www.landkreise.digital\\\/wp-content\\\/uploads\\\/sites\\\/21\\\/2021\\\/03\\\/DSC_0565-scaled.jpg\",\"datePublished\":\"2021-03-15T07:48:31+00:00\",\"dateModified\":\"2021-04-28T12:01:10+00:00\",\"description\":\"Ein Interview mit unserem Projektleiter \u00fcber die Digitalisierung von l\u00e4ndlichen Regionen im Modellvorhaben Smarte.Land.Regionen.\",\"breadcrumb\":{\"@id\":\"https:\\\/\\\/www.landkreise.digital\\\/index.php\\\/2021\\\/03\\\/15\\\/interview-digitalisierung-laendlicher-regionen\\\/#breadcrumb\"},\"inLanguage\":\"de\",\"potentialAction\":[{\"@type\":\"ReadAction\",\"target\":[\"https:\\\/\\\/www.landkreise.digital\\\/index.php\\\/2021\\\/03\\\/15\\\/interview-digitalisierung-laendlicher-regionen\\\/\"]}]},{\"@type\":\"ImageObject\",\"inLanguage\":\"de\",\"@id\":\"https:\\\/\\\/www.landkreise.digital\\\/index.php\\\/2021\\\/03\\\/15\\\/interview-digitalisierung-laendlicher-regionen\\\/#primaryimage\",\"url\":\"https:\\\/\\\/www.landkreise.digital\\\/wp-content\\\/uploads\\\/sites\\\/21\\\/2021\\\/03\\\/DSC_0565-scaled.jpg\",\"contentUrl\":\"https:\\\/\\\/www.landkreise.digital\\\/wp-content\\\/uploads\\\/sites\\\/21\\\/2021\\\/03\\\/DSC_0565-scaled.jpg\",\"width\":2560,\"height\":1522,\"caption\":\"Unser Projektleiter bei einer Veranstaltung im Austausch mit einem B\u00fcrger\"},{\"@type\":\"BreadcrumbList\",\"@id\":\"https:\\\/\\\/www.landkreise.digital\\\/index.php\\\/2021\\\/03\\\/15\\\/interview-digitalisierung-laendlicher-regionen\\\/#breadcrumb\",\"itemListElement\":[{\"@type\":\"ListItem\",\"position\":1,\"name\":\"Home\",\"item\":\"https:\\\/\\\/www.landkreise.digital\\\/\"},{\"@type\":\"ListItem\",\"position\":2,\"name\":\"Interview: Digitalisierung l\u00e4ndlicher Regionen\"}]},{\"@type\":\"WebSite\",\"@id\":\"https:\\\/\\\/www.landkreise.digital\\\/#website\",\"url\":\"https:\\\/\\\/www.landkreise.digital\\\/\",\"name\":\"Projekt Smarte.Land.Regionen\",\"description\":\"Digitale L\u00f6sungen f\u00fcrs Land\",\"publisher\":{\"@id\":\"https:\\\/\\\/www.landkreise.digital\\\/#organization\"},\"potentialAction\":[{\"@type\":\"SearchAction\",\"target\":{\"@type\":\"EntryPoint\",\"urlTemplate\":\"https:\\\/\\\/www.landkreise.digital\\\/?s={search_term_string}\"},\"query-input\":{\"@type\":\"PropertyValueSpecification\",\"valueRequired\":true,\"valueName\":\"search_term_string\"}}],\"inLanguage\":\"de\"},{\"@type\":\"Organization\",\"@id\":\"https:\\\/\\\/www.landkreise.digital\\\/#organization\",\"name\":\"Projekt Smarte.Land.Regionen\",\"url\":\"https:\\\/\\\/www.landkreise.digital\\\/\",\"logo\":{\"@type\":\"ImageObject\",\"inLanguage\":\"de\",\"@id\":\"https:\\\/\\\/www.landkreise.digital\\\/#\\\/schema\\\/logo\\\/image\\\/\",\"url\":\"https:\\\/\\\/www.landkreise.digital\\\/wp-content\\\/uploads\\\/sites\\\/21\\\/2023\\\/02\\\/Landschaftsbild.jpg\",\"contentUrl\":\"https:\\\/\\\/www.landkreise.digital\\\/wp-content\\\/uploads\\\/sites\\\/21\\\/2023\\\/02\\\/Landschaftsbild.jpg\",\"width\":2000,\"height\":1333,\"caption\":\"Projekt Smarte.Land.Regionen\"},\"image\":{\"@id\":\"https:\\\/\\\/www.landkreise.digital\\\/#\\\/schema\\\/logo\\\/image\\\/\"},\"sameAs\":[\"https:\\\/\\\/www.facebook.com\\\/SLRegionen\",\"https:\\\/\\\/x.com\\\/SLRegionen\",\"https:\\\/\\\/www.linkedin.com\\\/in\\\/smarte-land-regionen\\\/\"]},{\"@type\":\"Person\",\"@id\":\"https:\\\/\\\/www.landkreise.digital\\\/#\\\/schema\\\/person\\\/771d7a5f648c4b161a52a4b5bcdc36f0\",\"name\":\"Fabienne Hammer\",\"image\":{\"@type\":\"ImageObject\",\"inLanguage\":\"de\",\"@id\":\"https:\\\/\\\/secure.gravatar.com\\\/avatar\\\/df8dd5aed7ff115178b177cc5d45b78519cb7b0a0339ac3709c25082aeadee6a?s=96&d=mm&r=g\",\"url\":\"https:\\\/\\\/secure.gravatar.com\\\/avatar\\\/df8dd5aed7ff115178b177cc5d45b78519cb7b0a0339ac3709c25082aeadee6a?s=96&d=mm&r=g\",\"contentUrl\":\"https:\\\/\\\/secure.gravatar.com\\\/avatar\\\/df8dd5aed7ff115178b177cc5d45b78519cb7b0a0339ac3709c25082aeadee6a?s=96&d=mm&r=g\",\"caption\":\"Fabienne Hammer\"},\"url\":\"https:\\\/\\\/www.landkreise.digital\\\/index.php\\\/author\\\/hammer\\\/\"}]}<\/script>\n<!-- \/ Yoast SEO plugin. -->","yoast_head_json":{"title":"Interview: Digitalisierung l\u00e4ndlicher Regionen - Projekt Smarte.Land.Regionen","description":"Ein Interview mit unserem Projektleiter \u00fcber die Digitalisierung von l\u00e4ndlichen Regionen im Modellvorhaben Smarte.Land.Regionen.","robots":{"index":"index","follow":"follow","max-snippet":"max-snippet:-1","max-image-preview":"max-image-preview:large","max-video-preview":"max-video-preview:-1"},"canonical":"https:\/\/www.landkreise.digital\/index.php\/2021\/03\/15\/interview-digitalisierung-laendlicher-regionen\/","og_locale":"de_DE","og_type":"article","og_title":"Interview: Digitalisierung l\u00e4ndlicher Regionen - Projekt Smarte.Land.Regionen","og_description":"Ein Interview mit unserem Projektleiter \u00fcber die Digitalisierung von l\u00e4ndlichen Regionen im Modellvorhaben Smarte.Land.Regionen.","og_url":"https:\/\/www.landkreise.digital\/index.php\/2021\/03\/15\/interview-digitalisierung-laendlicher-regionen\/","og_site_name":"Projekt Smarte.Land.Regionen","article_publisher":"https:\/\/www.facebook.com\/SLRegionen","article_published_time":"2021-03-15T07:48:31+00:00","article_modified_time":"2021-04-28T12:01:10+00:00","og_image":[{"width":2560,"height":1522,"url":"https:\/\/www.landkreise.digital\/wp-content\/uploads\/sites\/21\/2021\/03\/DSC_0565-scaled.jpg","type":"image\/jpeg"}],"author":"Fabienne Hammer","twitter_card":"summary_large_image","twitter_creator":"@SLRegionen","twitter_site":"@SLRegionen","twitter_misc":{"Verfasst von":"Fabienne Hammer","Gesch\u00e4tzte Lesezeit":"2\u00a0Minuten"},"schema":{"@context":"https:\/\/schema.org","@graph":[{"@type":"Article","@id":"https:\/\/www.landkreise.digital\/index.php\/2021\/03\/15\/interview-digitalisierung-laendlicher-regionen\/#article","isPartOf":{"@id":"https:\/\/www.landkreise.digital\/index.php\/2021\/03\/15\/interview-digitalisierung-laendlicher-regionen\/"},"author":{"name":"Fabienne Hammer","@id":"https:\/\/www.landkreise.digital\/#\/schema\/person\/771d7a5f648c4b161a52a4b5bcdc36f0"},"headline":"Interview: Digitalisierung l\u00e4ndlicher Regionen","datePublished":"2021-03-15T07:48:31+00:00","dateModified":"2021-04-28T12:01:10+00:00","mainEntityOfPage":{"@id":"https:\/\/www.landkreise.digital\/index.php\/2021\/03\/15\/interview-digitalisierung-laendlicher-regionen\/"},"wordCount":342,"commentCount":0,"publisher":{"@id":"https:\/\/www.landkreise.digital\/#organization"},"image":{"@id":"https:\/\/www.landkreise.digital\/index.php\/2021\/03\/15\/interview-digitalisierung-laendlicher-regionen\/#primaryimage"},"thumbnailUrl":"https:\/\/www.landkreise.digital\/wp-content\/uploads\/sites\/21\/2021\/03\/DSC_0565-scaled.jpg","keywords":["Digitalisierung","L\u00e4ndliche Entwicklung","Smarte.Land.Regionen"],"articleSection":{"1":"Neuigkeiten"},"inLanguage":"de","potentialAction":[{"@type":"CommentAction","name":"Comment","target":["https:\/\/www.landkreise.digital\/index.php\/2021\/03\/15\/interview-digitalisierung-laendlicher-regionen\/#respond"]}]},{"@type":"WebPage","@id":"https:\/\/www.landkreise.digital\/index.php\/2021\/03\/15\/interview-digitalisierung-laendlicher-regionen\/","url":"https:\/\/www.landkreise.digital\/index.php\/2021\/03\/15\/interview-digitalisierung-laendlicher-regionen\/","name":"Interview: Digitalisierung l\u00e4ndlicher Regionen - Projekt Smarte.Land.Regionen","isPartOf":{"@id":"https:\/\/www.landkreise.digital\/#website"},"primaryImageOfPage":{"@id":"https:\/\/www.landkreise.digital\/index.php\/2021\/03\/15\/interview-digitalisierung-laendlicher-regionen\/#primaryimage"},"image":{"@id":"https:\/\/www.landkreise.digital\/index.php\/2021\/03\/15\/interview-digitalisierung-laendlicher-regionen\/#primaryimage"},"thumbnailUrl":"https:\/\/www.landkreise.digital\/wp-content\/uploads\/sites\/21\/2021\/03\/DSC_0565-scaled.jpg","datePublished":"2021-03-15T07:48:31+00:00","dateModified":"2021-04-28T12:01:10+00:00","description":"Ein Interview mit unserem Projektleiter \u00fcber die Digitalisierung von l\u00e4ndlichen Regionen im Modellvorhaben Smarte.Land.Regionen.","breadcrumb":{"@id":"https:\/\/www.landkreise.digital\/index.php\/2021\/03\/15\/interview-digitalisierung-laendlicher-regionen\/#breadcrumb"},"inLanguage":"de","potentialAction":[{"@type":"ReadAction","target":["https:\/\/www.landkreise.digital\/index.php\/2021\/03\/15\/interview-digitalisierung-laendlicher-regionen\/"]}]},{"@type":"ImageObject","inLanguage":"de","@id":"https:\/\/www.landkreise.digital\/index.php\/2021\/03\/15\/interview-digitalisierung-laendlicher-regionen\/#primaryimage","url":"https:\/\/www.landkreise.digital\/wp-content\/uploads\/sites\/21\/2021\/03\/DSC_0565-scaled.jpg","contentUrl":"https:\/\/www.landkreise.digital\/wp-content\/uploads\/sites\/21\/2021\/03\/DSC_0565-scaled.jpg","width":2560,"height":1522,"caption":"Unser Projektleiter bei einer Veranstaltung im Austausch mit einem B\u00fcrger"},{"@type":"BreadcrumbList","@id":"https:\/\/www.landkreise.digital\/index.php\/2021\/03\/15\/interview-digitalisierung-laendlicher-regionen\/#breadcrumb","itemListElement":[{"@type":"ListItem","position":1,"name":"Home","item":"https:\/\/www.landkreise.digital\/"},{"@type":"ListItem","position":2,"name":"Interview: Digitalisierung l\u00e4ndlicher Regionen"}]},{"@type":"WebSite","@id":"https:\/\/www.landkreise.digital\/#website","url":"https:\/\/www.landkreise.digital\/","name":"Projekt Smarte.Land.Regionen","description":"Digitale L\u00f6sungen f\u00fcrs Land","publisher":{"@id":"https:\/\/www.landkreise.digital\/#organization"},"potentialAction":[{"@type":"SearchAction","target":{"@type":"EntryPoint","urlTemplate":"https:\/\/www.landkreise.digital\/?s={search_term_string}"},"query-input":{"@type":"PropertyValueSpecification","valueRequired":true,"valueName":"search_term_string"}}],"inLanguage":"de"},{"@type":"Organization","@id":"https:\/\/www.landkreise.digital\/#organization","name":"Projekt Smarte.Land.Regionen","url":"https:\/\/www.landkreise.digital\/","logo":{"@type":"ImageObject","inLanguage":"de","@id":"https:\/\/www.landkreise.digital\/#\/schema\/logo\/image\/","url":"https:\/\/www.landkreise.digital\/wp-content\/uploads\/sites\/21\/2023\/02\/Landschaftsbild.jpg","contentUrl":"https:\/\/www.landkreise.digital\/wp-content\/uploads\/sites\/21\/2023\/02\/Landschaftsbild.jpg","width":2000,"height":1333,"caption":"Projekt Smarte.Land.Regionen"},"image":{"@id":"https:\/\/www.landkreise.digital\/#\/schema\/logo\/image\/"},"sameAs":["https:\/\/www.facebook.com\/SLRegionen","https:\/\/x.com\/SLRegionen","https:\/\/www.linkedin.com\/in\/smarte-land-regionen\/"]},{"@type":"Person","@id":"https:\/\/www.landkreise.digital\/#\/schema\/person\/771d7a5f648c4b161a52a4b5bcdc36f0","name":"Fabienne Hammer","image":{"@type":"ImageObject","inLanguage":"de","@id":"https:\/\/secure.gravatar.com\/avatar\/df8dd5aed7ff115178b177cc5d45b78519cb7b0a0339ac3709c25082aeadee6a?s=96&d=mm&r=g","url":"https:\/\/secure.gravatar.com\/avatar\/df8dd5aed7ff115178b177cc5d45b78519cb7b0a0339ac3709c25082aeadee6a?s=96&d=mm&r=g","contentUrl":"https:\/\/secure.gravatar.com\/avatar\/df8dd5aed7ff115178b177cc5d45b78519cb7b0a0339ac3709c25082aeadee6a?s=96&d=mm&r=g","caption":"Fabienne Hammer"},"url":"https:\/\/www.landkreise.digital\/index.php\/author\/hammer\/"}]}},"_links":{"self":[{"href":"https:\/\/www.landkreise.digital\/index.php\/wp-json\/wp\/v2\/posts\/3775","targetHints":{"allow":["GET"]}}],"collection":[{"href":"https:\/\/www.landkreise.digital\/index.php\/wp-json\/wp\/v2\/posts"}],"about":[{"href":"https:\/\/www.landkreise.digital\/index.php\/wp-json\/wp\/v2\/types\/post"}],"author":[{"embeddable":true,"href":"https:\/\/www.landkreise.digital\/index.php\/wp-json\/wp\/v2\/users\/34"}],"replies":[{"embeddable":true,"href":"https:\/\/www.landkreise.digital\/index.php\/wp-json\/wp\/v2\/comments?post=3775"}],"version-history":[{"count":0,"href":"https:\/\/www.landkreise.digital\/index.php\/wp-json\/wp\/v2\/posts\/3775\/revisions"}],"wp:featuredmedia":[{"embeddable":true,"href":"https:\/\/www.landkreise.digital\/index.php\/wp-json\/wp\/v2\/media\/3776"}],"wp:attachment":[{"href":"https:\/\/www.landkreise.digital\/index.php\/wp-json\/wp\/v2\/media?parent=3775"}],"wp:term":[{"taxonomy":"category","embeddable":true,"href":"https:\/\/www.landkreise.digital\/index.php\/wp-json\/wp\/v2\/categories?post=3775"},{"taxonomy":"post_tag","embeddable":true,"href":"https:\/\/www.landkreise.digital\/index.php\/wp-json\/wp\/v2\/tags?post=3775"}],"curies":[{"name":"wp","href":"https:\/\/api.w.org\/{rel}","templated":true}]}}